{"id":4794,"date":"2024-04-24T18:00:00","date_gmt":"2024-04-24T16:00:00","guid":{"rendered":"https:\/\/www.fernabenteuerweh.de\/home\/?p=4794"},"modified":"2025-05-18T18:24:31","modified_gmt":"2025-05-18T16:24:31","slug":"weimar-ein-ausflug-quer-durch-die-deutsche-geschichte","status":"publish","type":"post","link":"https:\/\/www.fernabenteuerweh.de\/home\/2024\/04\/24\/weimar-ein-ausflug-quer-durch-die-deutsche-geschichte\/","title":{"rendered":"Weimar: Ein Ausflug quer durch die deutsche Geschichte"},"content":{"rendered":"\n<p>Man wei\u00df kaum, woran man zuerst denken soll, wenn man das Schlagwort Weimar h\u00f6rt: Weimarer Klassik, Schiller, Goethe, Deutschlands erste parlamentarische Demokratie oder das Bauhaus? All das geh\u00f6rt zu Weimar und noch einiges mehr, ein Ausflug in die Stadt im Herzen Th\u00fcringens und damit zugleich in die deutsche Geschichte lohnt sich also!<\/p>\n\n\n\n<h2 class=\"wp-block-heading\">Bauhaus in Weimar<\/h2>\n\n\n\n<p>Wir starten unseren Rundgang in der N\u00e4he des 2019 er\u00f6ffneten neuen Bauhausmuseums (ge\u00f6ffnet Mo, Mi-So jeweils 9:30-18:00 Uhr). Der gro\u00dfe graue quaderf\u00f6rmige Bau wird im Dunklen von eleganten Leuchtstreifen in Szene gesetzt und ist auch von unserem Zimmer in der <a href=\"https:\/\/www.hinzundkunz.net\/\">Pension Hinz &amp; Kunz<\/a> zu sehen. Das Museum wurde p\u00fcnktlich zum 100-j\u00e4hrigen Jubil\u00e4um des Bauhauses durch Walter Gropius er\u00f6ffnet und begeistert seither regelm\u00e4\u00dfig mit Sonderausstellungen. Das &#8222;Staatliche Bauhaus&#8220; wurde 1919 von Walter Gropius in Weimar gegr\u00fcndet und fand nach turbulenten zun\u00e4chst in Dessau, sp\u00e4ter kurzzeitig in Berlin eine neue Heimat bis 1933 mit der Machtergreifung der Nationalsozialisten endg\u00fcltig Schluss war f\u00fcr die Weimarer Moderne und viele Bauhausk\u00fcnstler ins Exil gingen. 1995 kehrte der Name &#8222;Bauhaus&#8220; nach Weimar zur\u00fcck und noch heute studieren angehende K\u00fcnstler, Architekten, Ingenieure und Designer an den vier Fakult\u00e4ten der Bauhaus-Universit\u00e4t. Wer aufgrund der Bedeutung der Stadt f\u00fcr das Bauhaus hofft, auf viel Bauhausarchitektur zu treffen, wird jedoch entt\u00e4uscht, nur ein einziges Musterhaus von Georg Muche wurde in Weimar realisiert &#8211; das Haus am Horn von 1923. Es liegt in der N\u00e4he von Goethes Gartenhaus und sollte Teil einer ganzen Siedlung sein, welche aus finanziellen Gr\u00fcnden nicht umgesetzt werden konnte. Eine echte Bauhaussiedlung findet man in Deutschland heute nur in Dessau-T\u00f6rten oder bei einer Reise nach Tel Aviv.<\/p>\n\n\n\n<div class=\"wp-block-jetpack-slideshow aligncenter\" data-effect=\"slide\"><div class=\"wp-block-jetpack-slideshow_container swiper-container\"><ul class=\"wp-block-jetpack-slideshow_swiper-wrapper swiper-wrapper\"><li class=\"wp-block-jetpack-slideshow_slide swiper-slide\"><figure><img data-recalc-dims=\"1\" decoding=\"async\" width=\"780\" height=\"439\" alt=\"\" class=\"wp-block-jetpack-slideshow_image wp-image-4798 lazyload\" data-id=\"4798\" data-src=\"https:\/\/i0.wp.com\/www.fernabenteuerweh.de\/wp-content\/uploads\/2024\/04\/003.jpg?resize=780%2C439&#038;ssl=1\" data-srcset=\"https:\/\/i0.wp.com\/www.fernabenteuerweh.de\/wp-content\/uploads\/2024\/04\/003.jpg?resize=1024%2C576&amp;ssl=1 1024w, https:\/\/i0.wp.com\/www.fernabenteuerweh.de\/wp-content\/uploads\/2024\/04\/003.jpg?resize=300%2C169&amp;ssl=1 300w, https:\/\/i0.wp.com\/www.fernabenteuerweh.de\/wp-content\/uploads\/2024\/04\/003.jpg?resize=768%2C432&amp;ssl=1 768w, https:\/\/i0.wp.com\/www.fernabenteuerweh.de\/wp-content\/uploads\/2024\/04\/003.jpg?resize=107%2C60&amp;ssl=1 107w, https:\/\/i0.wp.com\/www.fernabenteuerweh.de\/wp-content\/uploads\/2024\/04\/003.jpg?w=1200&amp;ssl=1 1200w\" data-sizes=\"(max-width: 780px) 100vw, 780px\" src=\"data:image\/svg+xml;base64,PHN2ZyB3aWR0aD0iMSIgaGVpZ2h0PSIxIiB4bWxucz0iaHR0cDovL3d3dy53My5vcmcvMjAwMC9zdmciPjwvc3ZnPg==\" style=\"--smush-placeholder-width: 780px; --smush-placeholder-aspect-ratio: 780\/439;\" \/><figcaption class=\"wp-block-jetpack-slideshow_caption gallery-caption\">Etwas versteckt und in farblichem Einklang mit dem grauen Himmel: das neue Bauhausmuseum<\/figcaption><\/figure><\/li><li class=\"wp-block-jetpack-slideshow_slide swiper-slide\"><figure><img data-recalc-dims=\"1\" decoding=\"async\" width=\"576\" height=\"1024\" alt=\"\" class=\"wp-block-jetpack-slideshow_image wp-image-4799 lazyload\" data-id=\"4799\" data-src=\"https:\/\/i0.wp.com\/www.fernabenteuerweh.de\/wp-content\/uploads\/2024\/04\/008.jpg?resize=576%2C1024&#038;ssl=1\" data-srcset=\"https:\/\/i0.wp.com\/www.fernabenteuerweh.de\/wp-content\/uploads\/2024\/04\/008.jpg?resize=576%2C1024&amp;ssl=1 576w, https:\/\/i0.wp.com\/www.fernabenteuerweh.de\/wp-content\/uploads\/2024\/04\/008.jpg?resize=169%2C300&amp;ssl=1 169w, https:\/\/i0.wp.com\/www.fernabenteuerweh.de\/wp-content\/uploads\/2024\/04\/008.jpg?resize=34%2C60&amp;ssl=1 34w, https:\/\/i0.wp.com\/www.fernabenteuerweh.de\/wp-content\/uploads\/2024\/04\/008.jpg?w=675&amp;ssl=1 675w\" data-sizes=\"(max-width: 576px) 100vw, 576px\" src=\"data:image\/svg+xml;base64,PHN2ZyB3aWR0aD0iMSIgaGVpZ2h0PSIxIiB4bWxucz0iaHR0cDovL3d3dy53My5vcmcvMjAwMC9zdmciPjwvc3ZnPg==\" style=\"--smush-placeholder-width: 576px; --smush-placeholder-aspect-ratio: 576\/1024;\" \/><\/figure><\/li><li class=\"wp-block-jetpack-slideshow_slide swiper-slide\"><figure><img data-recalc-dims=\"1\" decoding=\"async\" width=\"780\" height=\"439\" alt=\"\" class=\"wp-block-jetpack-slideshow_image wp-image-4800 lazyload\" data-id=\"4800\" data-src=\"https:\/\/i0.wp.com\/www.fernabenteuerweh.de\/wp-content\/uploads\/2024\/04\/016.jpg?resize=780%2C439&#038;ssl=1\" data-srcset=\"https:\/\/i0.wp.com\/www.fernabenteuerweh.de\/wp-content\/uploads\/2024\/04\/016.jpg?resize=1024%2C576&amp;ssl=1 1024w, https:\/\/i0.wp.com\/www.fernabenteuerweh.de\/wp-content\/uploads\/2024\/04\/016.jpg?resize=300%2C169&amp;ssl=1 300w, https:\/\/i0.wp.com\/www.fernabenteuerweh.de\/wp-content\/uploads\/2024\/04\/016.jpg?resize=768%2C432&amp;ssl=1 768w, https:\/\/i0.wp.com\/www.fernabenteuerweh.de\/wp-content\/uploads\/2024\/04\/016.jpg?resize=107%2C60&amp;ssl=1 107w, https:\/\/i0.wp.com\/www.fernabenteuerweh.de\/wp-content\/uploads\/2024\/04\/016.jpg?w=1200&amp;ssl=1 1200w\" data-sizes=\"(max-width: 780px) 100vw, 780px\" src=\"data:image\/svg+xml;base64,PHN2ZyB3aWR0aD0iMSIgaGVpZ2h0PSIxIiB4bWxucz0iaHR0cDovL3d3dy53My5vcmcvMjAwMC9zdmciPjwvc3ZnPg==\" style=\"--smush-placeholder-width: 780px; --smush-placeholder-aspect-ratio: 780\/439;\" \/><figcaption class=\"wp-block-jetpack-slideshow_caption gallery-caption\">Das deutsche Nationaltheater mit dem Goethe-Schiller-Denkmal<\/figcaption><\/figure><\/li><li class=\"wp-block-jetpack-slideshow_slide swiper-slide\"><figure><img data-recalc-dims=\"1\" decoding=\"async\" width=\"780\" height=\"439\" alt=\"Goethes Wohnhaus\" class=\"wp-block-jetpack-slideshow_image wp-image-4801 lazyload\" data-id=\"4801\" data-src=\"https:\/\/i0.wp.com\/www.fernabenteuerweh.de\/wp-content\/uploads\/2024\/04\/027.jpg?resize=780%2C439&#038;ssl=1\" data-srcset=\"https:\/\/i0.wp.com\/www.fernabenteuerweh.de\/wp-content\/uploads\/2024\/04\/027.jpg?resize=1024%2C576&amp;ssl=1 1024w, https:\/\/i0.wp.com\/www.fernabenteuerweh.de\/wp-content\/uploads\/2024\/04\/027.jpg?resize=300%2C169&amp;ssl=1 300w, https:\/\/i0.wp.com\/www.fernabenteuerweh.de\/wp-content\/uploads\/2024\/04\/027.jpg?resize=768%2C432&amp;ssl=1 768w, https:\/\/i0.wp.com\/www.fernabenteuerweh.de\/wp-content\/uploads\/2024\/04\/027.jpg?resize=107%2C60&amp;ssl=1 107w, https:\/\/i0.wp.com\/www.fernabenteuerweh.de\/wp-content\/uploads\/2024\/04\/027.jpg?w=1200&amp;ssl=1 1200w\" data-sizes=\"(max-width: 780px) 100vw, 780px\" src=\"data:image\/svg+xml;base64,PHN2ZyB3aWR0aD0iMSIgaGVpZ2h0PSIxIiB4bWxucz0iaHR0cDovL3d3dy53My5vcmcvMjAwMC9zdmciPjwvc3ZnPg==\" style=\"--smush-placeholder-width: 780px; --smush-placeholder-aspect-ratio: 780\/439;\" \/><figcaption class=\"wp-block-jetpack-slideshow_caption gallery-caption\">Goethes Wohnhaus am Frauenplan<\/figcaption><\/figure><\/li><li class=\"wp-block-jetpack-slideshow_slide swiper-slide\"><figure><img data-recalc-dims=\"1\" decoding=\"async\" width=\"780\" height=\"439\" alt=\"\" class=\"wp-block-jetpack-slideshow_image wp-image-4802 lazyload\" data-id=\"4802\" data-src=\"https:\/\/i0.wp.com\/www.fernabenteuerweh.de\/wp-content\/uploads\/2024\/04\/028.jpg?resize=780%2C439&#038;ssl=1\" data-srcset=\"https:\/\/i0.wp.com\/www.fernabenteuerweh.de\/wp-content\/uploads\/2024\/04\/028.jpg?resize=1024%2C576&amp;ssl=1 1024w, https:\/\/i0.wp.com\/www.fernabenteuerweh.de\/wp-content\/uploads\/2024\/04\/028.jpg?resize=300%2C169&amp;ssl=1 300w, https:\/\/i0.wp.com\/www.fernabenteuerweh.de\/wp-content\/uploads\/2024\/04\/028.jpg?resize=768%2C432&amp;ssl=1 768w, https:\/\/i0.wp.com\/www.fernabenteuerweh.de\/wp-content\/uploads\/2024\/04\/028.jpg?resize=107%2C60&amp;ssl=1 107w, https:\/\/i0.wp.com\/www.fernabenteuerweh.de\/wp-content\/uploads\/2024\/04\/028.jpg?w=1200&amp;ssl=1 1200w\" data-sizes=\"(max-width: 780px) 100vw, 780px\" src=\"data:image\/svg+xml;base64,PHN2ZyB3aWR0aD0iMSIgaGVpZ2h0PSIxIiB4bWxucz0iaHR0cDovL3d3dy53My5vcmcvMjAwMC9zdmciPjwvc3ZnPg==\" style=\"--smush-placeholder-width: 780px; --smush-placeholder-aspect-ratio: 780\/439;\" \/><\/figure><\/li><li class=\"wp-block-jetpack-slideshow_slide swiper-slide\"><figure><img data-recalc-dims=\"1\" decoding=\"async\" width=\"780\" height=\"439\" alt=\"\" class=\"wp-block-jetpack-slideshow_image wp-image-4803 lazyload\" data-id=\"4803\" data-src=\"https:\/\/i0.wp.com\/www.fernabenteuerweh.de\/wp-content\/uploads\/2024\/04\/031.jpg?resize=780%2C439&#038;ssl=1\" data-srcset=\"https:\/\/i0.wp.com\/www.fernabenteuerweh.de\/wp-content\/uploads\/2024\/04\/031.jpg?resize=1024%2C576&amp;ssl=1 1024w, https:\/\/i0.wp.com\/www.fernabenteuerweh.de\/wp-content\/uploads\/2024\/04\/031.jpg?resize=300%2C169&amp;ssl=1 300w, https:\/\/i0.wp.com\/www.fernabenteuerweh.de\/wp-content\/uploads\/2024\/04\/031.jpg?resize=768%2C432&amp;ssl=1 768w, https:\/\/i0.wp.com\/www.fernabenteuerweh.de\/wp-content\/uploads\/2024\/04\/031.jpg?resize=107%2C60&amp;ssl=1 107w, https:\/\/i0.wp.com\/www.fernabenteuerweh.de\/wp-content\/uploads\/2024\/04\/031.jpg?w=1200&amp;ssl=1 1200w\" data-sizes=\"(max-width: 780px) 100vw, 780px\" src=\"data:image\/svg+xml;base64,PHN2ZyB3aWR0aD0iMSIgaGVpZ2h0PSIxIiB4bWxucz0iaHR0cDovL3d3dy53My5vcmcvMjAwMC9zdmciPjwvc3ZnPg==\" style=\"--smush-placeholder-width: 780px; --smush-placeholder-aspect-ratio: 780\/439;\" \/><\/figure><\/li><li class=\"wp-block-jetpack-slideshow_slide swiper-slide\"><figure><img data-recalc-dims=\"1\" decoding=\"async\" width=\"780\" height=\"439\" alt=\"F\u00fcrstengruft und russisch-orthodoxe Kirche auf dem historischen Friedhof Weimar\" class=\"wp-block-jetpack-slideshow_image wp-image-4804 lazyload\" data-id=\"4804\" data-src=\"https:\/\/i0.wp.com\/www.fernabenteuerweh.de\/wp-content\/uploads\/2024\/04\/037.jpg?resize=780%2C439&#038;ssl=1\" data-srcset=\"https:\/\/i0.wp.com\/www.fernabenteuerweh.de\/wp-content\/uploads\/2024\/04\/037.jpg?resize=1024%2C576&amp;ssl=1 1024w, https:\/\/i0.wp.com\/www.fernabenteuerweh.de\/wp-content\/uploads\/2024\/04\/037.jpg?resize=300%2C169&amp;ssl=1 300w, https:\/\/i0.wp.com\/www.fernabenteuerweh.de\/wp-content\/uploads\/2024\/04\/037.jpg?resize=768%2C432&amp;ssl=1 768w, https:\/\/i0.wp.com\/www.fernabenteuerweh.de\/wp-content\/uploads\/2024\/04\/037.jpg?resize=107%2C60&amp;ssl=1 107w, https:\/\/i0.wp.com\/www.fernabenteuerweh.de\/wp-content\/uploads\/2024\/04\/037.jpg?w=1200&amp;ssl=1 1200w\" data-sizes=\"(max-width: 780px) 100vw, 780px\" src=\"data:image\/svg+xml;base64,PHN2ZyB3aWR0aD0iMSIgaGVpZ2h0PSIxIiB4bWxucz0iaHR0cDovL3d3dy53My5vcmcvMjAwMC9zdmciPjwvc3ZnPg==\" style=\"--smush-placeholder-width: 780px; --smush-placeholder-aspect-ratio: 780\/439;\" \/><figcaption class=\"wp-block-jetpack-slideshow_caption gallery-caption\">Neben der F\u00fcrstengruft findet sich eine russisch-orthodoxe Kirche auf dem Friedhof<\/figcaption><\/figure><\/li><li class=\"wp-block-jetpack-slideshow_slide swiper-slide\"><figure><img data-recalc-dims=\"1\" decoding=\"async\" width=\"780\" height=\"439\" alt=\"\" class=\"wp-block-jetpack-slideshow_image wp-image-4805 lazyload\" data-id=\"4805\" data-src=\"https:\/\/i0.wp.com\/www.fernabenteuerweh.de\/wp-content\/uploads\/2024\/04\/040.jpg?resize=780%2C439&#038;ssl=1\" data-srcset=\"https:\/\/i0.wp.com\/www.fernabenteuerweh.de\/wp-content\/uploads\/2024\/04\/040.jpg?resize=1024%2C576&amp;ssl=1 1024w, https:\/\/i0.wp.com\/www.fernabenteuerweh.de\/wp-content\/uploads\/2024\/04\/040.jpg?resize=300%2C169&amp;ssl=1 300w, https:\/\/i0.wp.com\/www.fernabenteuerweh.de\/wp-content\/uploads\/2024\/04\/040.jpg?resize=768%2C432&amp;ssl=1 768w, https:\/\/i0.wp.com\/www.fernabenteuerweh.de\/wp-content\/uploads\/2024\/04\/040.jpg?resize=107%2C60&amp;ssl=1 107w, https:\/\/i0.wp.com\/www.fernabenteuerweh.de\/wp-content\/uploads\/2024\/04\/040.jpg?w=1200&amp;ssl=1 1200w\" data-sizes=\"(max-width: 780px) 100vw, 780px\" src=\"data:image\/svg+xml;base64,PHN2ZyB3aWR0aD0iMSIgaGVpZ2h0PSIxIiB4bWxucz0iaHR0cDovL3d3dy53My5vcmcvMjAwMC9zdmciPjwvc3ZnPg==\" style=\"--smush-placeholder-width: 780px; --smush-placeholder-aspect-ratio: 780\/439;\" \/><\/figure><\/li><li class=\"wp-block-jetpack-slideshow_slide swiper-slide\"><figure><img data-recalc-dims=\"1\" decoding=\"async\" width=\"780\" height=\"439\" alt=\"\" class=\"wp-block-jetpack-slideshow_image wp-image-4806 lazyload\" data-id=\"4806\" data-src=\"https:\/\/i0.wp.com\/www.fernabenteuerweh.de\/wp-content\/uploads\/2024\/04\/046.jpg?resize=780%2C439&#038;ssl=1\" data-srcset=\"https:\/\/i0.wp.com\/www.fernabenteuerweh.de\/wp-content\/uploads\/2024\/04\/046.jpg?resize=1024%2C576&amp;ssl=1 1024w, https:\/\/i0.wp.com\/www.fernabenteuerweh.de\/wp-content\/uploads\/2024\/04\/046.jpg?resize=300%2C169&amp;ssl=1 300w, https:\/\/i0.wp.com\/www.fernabenteuerweh.de\/wp-content\/uploads\/2024\/04\/046.jpg?resize=768%2C432&amp;ssl=1 768w, https:\/\/i0.wp.com\/www.fernabenteuerweh.de\/wp-content\/uploads\/2024\/04\/046.jpg?resize=107%2C60&amp;ssl=1 107w, https:\/\/i0.wp.com\/www.fernabenteuerweh.de\/wp-content\/uploads\/2024\/04\/046.jpg?w=1200&amp;ssl=1 1200w\" data-sizes=\"(max-width: 780px) 100vw, 780px\" src=\"data:image\/svg+xml;base64,PHN2ZyB3aWR0aD0iMSIgaGVpZ2h0PSIxIiB4bWxucz0iaHR0cDovL3d3dy53My5vcmcvMjAwMC9zdmciPjwvc3ZnPg==\" style=\"--smush-placeholder-width: 780px; --smush-placeholder-aspect-ratio: 780\/439;\" \/><\/figure><\/li><li class=\"wp-block-jetpack-slideshow_slide swiper-slide\"><figure><img data-recalc-dims=\"1\" decoding=\"async\" width=\"780\" height=\"439\" alt=\"Gartenhaus an der Ilm\" class=\"wp-block-jetpack-slideshow_image wp-image-4807 lazyload\" data-id=\"4807\" data-src=\"https:\/\/i0.wp.com\/www.fernabenteuerweh.de\/wp-content\/uploads\/2024\/04\/065.jpg?resize=780%2C439&#038;ssl=1\" data-srcset=\"https:\/\/i0.wp.com\/www.fernabenteuerweh.de\/wp-content\/uploads\/2024\/04\/065.jpg?resize=1024%2C576&amp;ssl=1 1024w, https:\/\/i0.wp.com\/www.fernabenteuerweh.de\/wp-content\/uploads\/2024\/04\/065.jpg?resize=300%2C169&amp;ssl=1 300w, https:\/\/i0.wp.com\/www.fernabenteuerweh.de\/wp-content\/uploads\/2024\/04\/065.jpg?resize=768%2C432&amp;ssl=1 768w, https:\/\/i0.wp.com\/www.fernabenteuerweh.de\/wp-content\/uploads\/2024\/04\/065.jpg?resize=107%2C60&amp;ssl=1 107w, https:\/\/i0.wp.com\/www.fernabenteuerweh.de\/wp-content\/uploads\/2024\/04\/065.jpg?w=1200&amp;ssl=1 1200w\" data-sizes=\"(max-width: 780px) 100vw, 780px\" src=\"data:image\/svg+xml;base64,PHN2ZyB3aWR0aD0iMSIgaGVpZ2h0PSIxIiB4bWxucz0iaHR0cDovL3d3dy53My5vcmcvMjAwMC9zdmciPjwvc3ZnPg==\" style=\"--smush-placeholder-width: 780px; --smush-placeholder-aspect-ratio: 780\/439;\" \/><figcaption class=\"wp-block-jetpack-slideshow_caption gallery-caption\">Goethes Gartenhaus an der Ilm<\/figcaption><\/figure><\/li><li class=\"wp-block-jetpack-slideshow_slide swiper-slide\"><figure><img data-recalc-dims=\"1\" decoding=\"async\" width=\"780\" height=\"439\" alt=\"\" class=\"wp-block-jetpack-slideshow_image wp-image-4808 lazyload\" data-id=\"4808\" data-src=\"https:\/\/i0.wp.com\/www.fernabenteuerweh.de\/wp-content\/uploads\/2024\/04\/086.jpg?resize=780%2C439&#038;ssl=1\" data-srcset=\"https:\/\/i0.wp.com\/www.fernabenteuerweh.de\/wp-content\/uploads\/2024\/04\/086.jpg?resize=1024%2C576&amp;ssl=1 1024w, https:\/\/i0.wp.com\/www.fernabenteuerweh.de\/wp-content\/uploads\/2024\/04\/086.jpg?resize=300%2C169&amp;ssl=1 300w, https:\/\/i0.wp.com\/www.fernabenteuerweh.de\/wp-content\/uploads\/2024\/04\/086.jpg?resize=768%2C432&amp;ssl=1 768w, https:\/\/i0.wp.com\/www.fernabenteuerweh.de\/wp-content\/uploads\/2024\/04\/086.jpg?resize=107%2C60&amp;ssl=1 107w, https:\/\/i0.wp.com\/www.fernabenteuerweh.de\/wp-content\/uploads\/2024\/04\/086.jpg?w=1200&amp;ssl=1 1200w\" data-sizes=\"(max-width: 780px) 100vw, 780px\" src=\"data:image\/svg+xml;base64,PHN2ZyB3aWR0aD0iMSIgaGVpZ2h0PSIxIiB4bWxucz0iaHR0cDovL3d3dy53My5vcmcvMjAwMC9zdmciPjwvc3ZnPg==\" style=\"--smush-placeholder-width: 780px; --smush-placeholder-aspect-ratio: 780\/439;\" \/><\/figure><\/li><li class=\"wp-block-jetpack-slideshow_slide swiper-slide\"><figure><img data-recalc-dims=\"1\" decoding=\"async\" width=\"780\" height=\"439\" alt=\"\" class=\"wp-block-jetpack-slideshow_image wp-image-4809 lazyload\" data-id=\"4809\" data-src=\"https:\/\/i0.wp.com\/www.fernabenteuerweh.de\/wp-content\/uploads\/2024\/04\/089.jpg?resize=780%2C439&#038;ssl=1\" data-srcset=\"https:\/\/i0.wp.com\/www.fernabenteuerweh.de\/wp-content\/uploads\/2024\/04\/089.jpg?resize=1024%2C576&amp;ssl=1 1024w, https:\/\/i0.wp.com\/www.fernabenteuerweh.de\/wp-content\/uploads\/2024\/04\/089.jpg?resize=300%2C169&amp;ssl=1 300w, https:\/\/i0.wp.com\/www.fernabenteuerweh.de\/wp-content\/uploads\/2024\/04\/089.jpg?resize=768%2C432&amp;ssl=1 768w, https:\/\/i0.wp.com\/www.fernabenteuerweh.de\/wp-content\/uploads\/2024\/04\/089.jpg?resize=107%2C60&amp;ssl=1 107w, https:\/\/i0.wp.com\/www.fernabenteuerweh.de\/wp-content\/uploads\/2024\/04\/089.jpg?w=1200&amp;ssl=1 1200w\" data-sizes=\"(max-width: 780px) 100vw, 780px\" src=\"data:image\/svg+xml;base64,PHN2ZyB3aWR0aD0iMSIgaGVpZ2h0PSIxIiB4bWxucz0iaHR0cDovL3d3dy53My5vcmcvMjAwMC9zdmciPjwvc3ZnPg==\" style=\"--smush-placeholder-width: 780px; --smush-placeholder-aspect-ratio: 780\/439;\" \/><\/figure><\/li><li class=\"wp-block-jetpack-slideshow_slide swiper-slide\"><figure><img data-recalc-dims=\"1\" decoding=\"async\" width=\"576\" height=\"1024\" alt=\"\" class=\"wp-block-jetpack-slideshow_image wp-image-4810 lazyload\" data-id=\"4810\" data-src=\"https:\/\/i0.wp.com\/www.fernabenteuerweh.de\/wp-content\/uploads\/2024\/04\/097.jpg?resize=576%2C1024&#038;ssl=1\" data-srcset=\"https:\/\/i0.wp.com\/www.fernabenteuerweh.de\/wp-content\/uploads\/2024\/04\/097.jpg?resize=576%2C1024&amp;ssl=1 576w, https:\/\/i0.wp.com\/www.fernabenteuerweh.de\/wp-content\/uploads\/2024\/04\/097.jpg?resize=169%2C300&amp;ssl=1 169w, https:\/\/i0.wp.com\/www.fernabenteuerweh.de\/wp-content\/uploads\/2024\/04\/097.jpg?resize=34%2C60&amp;ssl=1 34w, https:\/\/i0.wp.com\/www.fernabenteuerweh.de\/wp-content\/uploads\/2024\/04\/097.jpg?w=675&amp;ssl=1 675w\" data-sizes=\"(max-width: 576px) 100vw, 576px\" src=\"data:image\/svg+xml;base64,PHN2ZyB3aWR0aD0iMSIgaGVpZ2h0PSIxIiB4bWxucz0iaHR0cDovL3d3dy53My5vcmcvMjAwMC9zdmciPjwvc3ZnPg==\" style=\"--smush-placeholder-width: 576px; --smush-placeholder-aspect-ratio: 576\/1024;\" \/><\/figure><\/li><\/ul><a class=\"wp-block-jetpack-slideshow_button-prev swiper-button-prev swiper-button-white\" role=\"button\"><\/a><a class=\"wp-block-jetpack-slideshow_button-next swiper-button-next swiper-button-white\" role=\"button\"><\/a><a aria-label=\"Pause Slideshow\" class=\"wp-block-jetpack-slideshow_button-pause\" role=\"button\"><\/a><div class=\"wp-block-jetpack-slideshow_pagination swiper-pagination swiper-pagination-white\"><\/div><\/div><\/div>\n\n\n\n<h2 class=\"wp-block-heading\">Der dunkle Teil der Weimarer Geschichte<\/h2>\n\n\n\n<p>Obwohl Weimar die Gr\u00fcndungsstadt der ersten deutschen parlamentarischen Demokratie war, wurde die Stadt in den 1920er Jahren schnell zur Hochburg des aufstrebenden Nationalsozialismus. Als Hauptstadt des Gaus Th\u00fcringen, wurden Kulturbetrieb und Stadtbild umgekrempelt. Spuren davon finden sich noch heute. Besonders das Gauforum, das heute vom Landesverwaltungsamt Th\u00fcringen genutzt wird, ist ein eindrucksvolles Zeugnis der monumentalen Bauweise der NS-Zeit. Aber auch an anderen Ecken der Stadt hinterlie\u00df die Zeit ihre Spuren, zahlreiche Stadtrundg\u00e4nge thematisieren diese. Wer sich lieber auf eigene Faust auf den Weg machen will, findet im <a href=\"https:\/\/www.weimar-im-ns.de\/\">Stadtplan des F\u00f6rdervereins Buchenwald<\/a> die pr\u00e4genden Punkte.<\/p>\n\n\n\n<p>Besch\u00e4ftigt man sich mit diesem Teil der Weimarer Geschichte, kommt man unweigerlich mit dem Konzentrationslager Buchenwald in Ber\u00fchrung. Auf dem nahegelegenen Ettersberg waren von 1937 bis April 1945 weit \u00fcber 250.000 M\u00e4nner und Frauen gefangen, gesch\u00e4tzte 56.000 starben in Buchenwald oder auf Evakuierungsm\u00e4rschen, die das Lager kurz vor Kriegsende verlie\u00dfen. Um der Geschichte und den Schrecken des Orts ann\u00e4hernd gerecht zu werden, sollte man sich ausreichend Zeit f\u00fcr einen Besuch der Gedenkst\u00e4tte nehmen. Eine Besichtigung der historischen St\u00e4tten, des ehemaligen Lagers, der Gr\u00e4berfelder und des Mahnmals ist t\u00e4glich bis zum Einbruch der Dunkelheit kostenlos m\u00f6glich, die begleitenden Ausstellungen sind von Dienstag bis Sonntag ab 10 Uhr ge\u00f6ffnet.<\/p>\n\n\n\n<h2 class=\"wp-block-heading\">Die Weimarer Klassik<\/h2>\n\n\n\n<p>Ein dritter Stopp beim Ausflug in die deutsche Geschichte, f\u00fchrt uns noch weiter zur\u00fcck, denn auch lange vor der Gr\u00fcndung des Bauhauses wurde in Weimar schon gro\u00dfe Kunst geschaffen. Die Rede ist dabei von der Literaturepoche der Weimarer Klassik, welche mit Vertretern wie Johann Wolfgang von Goethe, Friedrich Schiller und Johann Gottfried von Herder einige der bekanntesten deutschen Literaten hervorgebracht hat. Und sie alle lebten und wirkten auch in Weimar. Daran erinnern heute noch ihre Wohnh\u00e4user, Goethes Gartenhaus an der Ilm und das Goethe-Schiller-Denkmal vorm deutschen Nationaltheater. Zu Lebzeiten befreundet, fanden Goethe und Schiller 1832 auch eine gemeinsame letzte Ruhest\u00e4tte in der F\u00fcrstengruft auf dem historischen Friedhof der Stadt Weimar. Wobei, ganz richtig ist das nicht, denn Schillers Sarg steht seit einigen Jahren leer, da eine DNA-Analyse ergeben hatte, dass es sich bei den darin beigesetzten Gebeinen gar nicht um die sterblichen \u00dcberreste des Schriftstellers handelte.<\/p>\n\n\n\n<iframe data-src=\"https:\/\/www.komoot.com\/de-de\/tour\/1362495809\/embed?profile=1\" width=\"100%\" height=\"700\" frameborder=\"0\" scrolling=\"no\" src=\"data:image\/svg+xml;base64,PHN2ZyB3aWR0aD0iMSIgaGVpZ2h0PSIxIiB4bWxucz0iaHR0cDovL3d3dy53My5vcmcvMjAwMC9zdmciPjwvc3ZnPg==\" class=\"lazyload\" data-load-mode=\"1\"><\/iframe>\n\n\n\n<p>Mit unserem Rundgang von knapp 10 Kilometern L\u00e4nge haben wir das Zentrum der Klassik- und Bauhausstadt Weimar gut abgedeckt. Einkehrm\u00f6glichkeiten unterwegs gibt es vor allem rings um den Marktplatz zahlreich. Eine weitere kleine Besonderheit findet sich in der Schillerstra\u00dfe, denn unter den schattenwerfenden B\u00e4umen liegt ein Laden f\u00fcr Mineralien und andere sammelw\u00fcrdige Naturalien. Bis unter die Decke stapeln sich in der <a href=\"https:\/\/www.weimarnaturalien.de\/shop\/de\/\">Naturalienhandlung Peter Gensel<\/a> Fossilien, Trockenfr\u00fcchte, Naturschmuck, Geweihe und Pr\u00e4parate aller Art. Ge\u00f6ffnet hat diese kleine Welt zum Staunen t\u00e4glich, sogar sonntags, und verzaubert auch Nichtsammler mit geschliffenen Steinen.<\/p>\n","protected":false},"excerpt":{"rendered":"<p>Weimar, wo soll man da nur anfangen? Weimarer Klassik, Schiller, Goethe oder das Bauhaus &#8211; all das geh\u00f6rt zu der Stadt im Herzen Th\u00fcringens!<\/p>\n","protected":false},"author":2,"featured_media":4807,"comment_status":"open","ping_status":"open","sticky":false,"template":"","format":"standard","meta":{"_eb_attr":"","jetpack_post_was_ever_published":false,"_jetpack_newsletter_access":"","_jetpack_dont_email_post_to_subs":false,"_jetpack_newsletter_tier_id":0,"_jetpack_memberships_contains_paywalled_content":false,"_jetpack_memberships_contains_paid_content":false,"footnotes":"","jetpack_publicize_message":"","jetpack_publicize_feature_enabled":true,"jetpack_social_post_already_shared":true,"jetpack_social_options":{"image_generator_settings":{"template":"highway","enabled":false},"version":2}},"categories":[68,6,15,76],"tags":[],"class_list":["post-4794","post","type-post","status-publish","format-standard","has-post-thumbnail","hentry","category-deutschland","category-staedtetrips","category-tagestouren","category-thueringen"],"yoast_head":"<!-- This site is optimized with the Yoast SEO plugin v27.5 - https:\/\/yoast.com\/product\/yoast-seo-wordpress\/ -->\n<title>Weimar: Ein Ausflug quer durch die deutsche Geschichte - Fernabenteuerweh<\/title>\n<meta name=\"description\" content=\"Weimar, wo soll man da nur anfangen? Weimarer Klassik, Schiller, Goethe oder das Bauhaus - all das geh\u00f6rt zu der Stadt im Herzen Th\u00fcringens!\" \/>\n<meta name=\"robots\" content=\"index, follow, max-snippet:-1, max-image-preview:large, max-video-preview:-1\" \/>\n<link rel=\"canonical\" href=\"https:\/\/www.fernabenteuerweh.de\/home\/2024\/04\/24\/weimar-ein-ausflug-quer-durch-die-deutsche-geschichte\/\" \/>\n<meta property=\"og:locale\" content=\"de_DE\" \/>\n<meta property=\"og:type\" content=\"article\" \/>\n<meta property=\"og:title\" content=\"Weimar: Ein Ausflug quer durch die deutsche Geschichte - Fernabenteuerweh\" \/>\n<meta property=\"og:description\" content=\"Weimar, wo soll man da nur anfangen? Weimarer Klassik, Schiller, Goethe oder das Bauhaus - all das geh\u00f6rt zu der Stadt im Herzen Th\u00fcringens!\" \/>\n<meta property=\"og:url\" content=\"https:\/\/www.fernabenteuerweh.de\/home\/2024\/04\/24\/weimar-ein-ausflug-quer-durch-die-deutsche-geschichte\/\" \/>\n<meta property=\"og:site_name\" content=\"Fernabenteuerweh\" \/>\n<meta property=\"article:published_time\" content=\"2024-04-24T16:00:00+00:00\" \/>\n<meta property=\"article:modified_time\" content=\"2025-05-18T16:24:31+00:00\" \/>\n<meta property=\"og:image\" content=\"https:\/\/www.fernabenteuerweh.de\/wp-content\/uploads\/2024\/04\/065.jpg\" \/>\n\t<meta property=\"og:image:width\" content=\"1200\" \/>\n\t<meta property=\"og:image:height\" content=\"675\" \/>\n\t<meta property=\"og:image:type\" content=\"image\/jpeg\" \/>\n<meta name=\"author\" content=\"Franzi\" \/>\n<meta name=\"twitter:card\" content=\"summary_large_image\" \/>\n<meta name=\"twitter:label1\" content=\"Verfasst von\" \/>\n\t<meta name=\"twitter:data1\" content=\"Franzi\" \/>\n\t<meta name=\"twitter:label2\" content=\"Gesch\u00e4tzte Lesezeit\" \/>\n\t<meta name=\"twitter:data2\" content=\"7\u00a0Minuten\" \/>\n<script type=\"application\/ld+json\" class=\"yoast-schema-graph\">{\"@context\":\"https:\\\/\\\/schema.org\",\"@graph\":[{\"@type\":\"Article\",\"@id\":\"https:\\\/\\\/www.fernabenteuerweh.de\\\/home\\\/2024\\\/04\\\/24\\\/weimar-ein-ausflug-quer-durch-die-deutsche-geschichte\\\/#article\",\"isPartOf\":{\"@id\":\"https:\\\/\\\/www.fernabenteuerweh.de\\\/home\\\/2024\\\/04\\\/24\\\/weimar-ein-ausflug-quer-durch-die-deutsche-geschichte\\\/\"},\"author\":{\"name\":\"Franzi\",\"@id\":\"https:\\\/\\\/www.fernabenteuerweh.de\\\/home\\\/#\\\/schema\\\/person\\\/788ec352952335d48e923f246d8489f6\"},\"headline\":\"Weimar: Ein Ausflug quer durch die deutsche Geschichte\",\"datePublished\":\"2024-04-24T16:00:00+00:00\",\"dateModified\":\"2025-05-18T16:24:31+00:00\",\"mainEntityOfPage\":{\"@id\":\"https:\\\/\\\/www.fernabenteuerweh.de\\\/home\\\/2024\\\/04\\\/24\\\/weimar-ein-ausflug-quer-durch-die-deutsche-geschichte\\\/\"},\"wordCount\":812,\"commentCount\":0,\"image\":{\"@id\":\"https:\\\/\\\/www.fernabenteuerweh.de\\\/home\\\/2024\\\/04\\\/24\\\/weimar-ein-ausflug-quer-durch-die-deutsche-geschichte\\\/#primaryimage\"},\"thumbnailUrl\":\"https:\\\/\\\/i0.wp.com\\\/www.fernabenteuerweh.de\\\/wp-content\\\/uploads\\\/2024\\\/04\\\/065.jpg?fit=1200%2C675&ssl=1\",\"articleSection\":[\"Deutschland\",\"St\u00e4dtetrips\",\"Tagestouren\",\"Th\u00fcringen\"],\"inLanguage\":\"de\",\"potentialAction\":[{\"@type\":\"CommentAction\",\"name\":\"Comment\",\"target\":[\"https:\\\/\\\/www.fernabenteuerweh.de\\\/home\\\/2024\\\/04\\\/24\\\/weimar-ein-ausflug-quer-durch-die-deutsche-geschichte\\\/#respond\"]}]},{\"@type\":\"WebPage\",\"@id\":\"https:\\\/\\\/www.fernabenteuerweh.de\\\/home\\\/2024\\\/04\\\/24\\\/weimar-ein-ausflug-quer-durch-die-deutsche-geschichte\\\/\",\"url\":\"https:\\\/\\\/www.fernabenteuerweh.de\\\/home\\\/2024\\\/04\\\/24\\\/weimar-ein-ausflug-quer-durch-die-deutsche-geschichte\\\/\",\"name\":\"Weimar: Ein Ausflug quer durch die deutsche Geschichte - Fernabenteuerweh\",\"isPartOf\":{\"@id\":\"https:\\\/\\\/www.fernabenteuerweh.de\\\/home\\\/#website\"},\"primaryImageOfPage\":{\"@id\":\"https:\\\/\\\/www.fernabenteuerweh.de\\\/home\\\/2024\\\/04\\\/24\\\/weimar-ein-ausflug-quer-durch-die-deutsche-geschichte\\\/#primaryimage\"},\"image\":{\"@id\":\"https:\\\/\\\/www.fernabenteuerweh.de\\\/home\\\/2024\\\/04\\\/24\\\/weimar-ein-ausflug-quer-durch-die-deutsche-geschichte\\\/#primaryimage\"},\"thumbnailUrl\":\"https:\\\/\\\/i0.wp.com\\\/www.fernabenteuerweh.de\\\/wp-content\\\/uploads\\\/2024\\\/04\\\/065.jpg?fit=1200%2C675&ssl=1\",\"datePublished\":\"2024-04-24T16:00:00+00:00\",\"dateModified\":\"2025-05-18T16:24:31+00:00\",\"author\":{\"@id\":\"https:\\\/\\\/www.fernabenteuerweh.de\\\/home\\\/#\\\/schema\\\/person\\\/788ec352952335d48e923f246d8489f6\"},\"description\":\"Weimar, wo soll man da nur anfangen? Weimarer Klassik, Schiller, Goethe oder das Bauhaus - all das geh\u00f6rt zu der Stadt im Herzen Th\u00fcringens!\",\"breadcrumb\":{\"@id\":\"https:\\\/\\\/www.fernabenteuerweh.de\\\/home\\\/2024\\\/04\\\/24\\\/weimar-ein-ausflug-quer-durch-die-deutsche-geschichte\\\/#breadcrumb\"},\"inLanguage\":\"de\",\"potentialAction\":[{\"@type\":\"ReadAction\",\"target\":[\"https:\\\/\\\/www.fernabenteuerweh.de\\\/home\\\/2024\\\/04\\\/24\\\/weimar-ein-ausflug-quer-durch-die-deutsche-geschichte\\\/\"]}]},{\"@type\":\"ImageObject\",\"inLanguage\":\"de\",\"@id\":\"https:\\\/\\\/www.fernabenteuerweh.de\\\/home\\\/2024\\\/04\\\/24\\\/weimar-ein-ausflug-quer-durch-die-deutsche-geschichte\\\/#primaryimage\",\"url\":\"https:\\\/\\\/i0.wp.com\\\/www.fernabenteuerweh.de\\\/wp-content\\\/uploads\\\/2024\\\/04\\\/065.jpg?fit=1200%2C675&ssl=1\",\"contentUrl\":\"https:\\\/\\\/i0.wp.com\\\/www.fernabenteuerweh.de\\\/wp-content\\\/uploads\\\/2024\\\/04\\\/065.jpg?fit=1200%2C675&ssl=1\",\"width\":1200,\"height\":675,\"caption\":\"Goethes Gartenhaus an der Ilm\"},{\"@type\":\"BreadcrumbList\",\"@id\":\"https:\\\/\\\/www.fernabenteuerweh.de\\\/home\\\/2024\\\/04\\\/24\\\/weimar-ein-ausflug-quer-durch-die-deutsche-geschichte\\\/#breadcrumb\",\"itemListElement\":[{\"@type\":\"ListItem\",\"position\":1,\"name\":\"Startseite\",\"item\":\"https:\\\/\\\/www.fernabenteuerweh.de\\\/home\\\/\"},{\"@type\":\"ListItem\",\"position\":2,\"name\":\"Weimar: Ein Ausflug quer durch die deutsche Geschichte\"}]},{\"@type\":\"WebSite\",\"@id\":\"https:\\\/\\\/www.fernabenteuerweh.de\\\/home\\\/#website\",\"url\":\"https:\\\/\\\/www.fernabenteuerweh.de\\\/home\\\/\",\"name\":\"Fernabenteuerweh\",\"description\":\"Wandern, Outdoor, Abenteuer - egal wo!\",\"potentialAction\":[{\"@type\":\"SearchAction\",\"target\":{\"@type\":\"EntryPoint\",\"urlTemplate\":\"https:\\\/\\\/www.fernabenteuerweh.de\\\/home\\\/?s={search_term_string}\"},\"query-input\":{\"@type\":\"PropertyValueSpecification\",\"valueRequired\":true,\"valueName\":\"search_term_string\"}}],\"inLanguage\":\"de\"},{\"@type\":\"Person\",\"@id\":\"https:\\\/\\\/www.fernabenteuerweh.de\\\/home\\\/#\\\/schema\\\/person\\\/788ec352952335d48e923f246d8489f6\",\"name\":\"Franzi\",\"image\":{\"@type\":\"ImageObject\",\"inLanguage\":\"de\",\"@id\":\"https:\\\/\\\/i0.wp.com\\\/www.fernabenteuerweh.de\\\/wp-content\\\/uploads\\\/2023\\\/02\\\/IMG_20220823_141815_676.jpg?fit=96%2C77&#038;ssl=1\",\"url\":\"https:\\\/\\\/i0.wp.com\\\/www.fernabenteuerweh.de\\\/wp-content\\\/uploads\\\/2023\\\/02\\\/IMG_20220823_141815_676.jpg?fit=96%2C77&#038;ssl=1\",\"contentUrl\":\"https:\\\/\\\/i0.wp.com\\\/www.fernabenteuerweh.de\\\/wp-content\\\/uploads\\\/2023\\\/02\\\/IMG_20220823_141815_676.jpg?fit=96%2C77&#038;ssl=1\",\"caption\":\"Franzi\"},\"url\":\"https:\\\/\\\/www.fernabenteuerweh.de\\\/home\\\/author\\\/franziska-buettner\\\/\"}]}<\/script>\n<!-- \/ Yoast SEO plugin. -->","yoast_head_json":{"title":"Weimar: Ein Ausflug quer durch die deutsche Geschichte - Fernabenteuerweh","description":"Weimar, wo soll man da nur anfangen? Weimarer Klassik, Schiller, Goethe oder das Bauhaus - all das geh\u00f6rt zu der Stadt im Herzen Th\u00fcringens!","robots":{"index":"index","follow":"follow","max-snippet":"max-snippet:-1","max-image-preview":"max-image-preview:large","max-video-preview":"max-video-preview:-1"},"canonical":"https:\/\/www.fernabenteuerweh.de\/home\/2024\/04\/24\/weimar-ein-ausflug-quer-durch-die-deutsche-geschichte\/","og_locale":"de_DE","og_type":"article","og_title":"Weimar: Ein Ausflug quer durch die deutsche Geschichte - Fernabenteuerweh","og_description":"Weimar, wo soll man da nur anfangen? Weimarer Klassik, Schiller, Goethe oder das Bauhaus - all das geh\u00f6rt zu der Stadt im Herzen Th\u00fcringens!","og_url":"https:\/\/www.fernabenteuerweh.de\/home\/2024\/04\/24\/weimar-ein-ausflug-quer-durch-die-deutsche-geschichte\/","og_site_name":"Fernabenteuerweh","article_published_time":"2024-04-24T16:00:00+00:00","article_modified_time":"2025-05-18T16:24:31+00:00","og_image":[{"width":1200,"height":675,"url":"https:\/\/www.fernabenteuerweh.de\/wp-content\/uploads\/2024\/04\/065.jpg","type":"image\/jpeg"}],"author":"Franzi","twitter_card":"summary_large_image","twitter_misc":{"Verfasst von":"Franzi","Gesch\u00e4tzte Lesezeit":"7\u00a0Minuten"},"schema":{"@context":"https:\/\/schema.org","@graph":[{"@type":"Article","@id":"https:\/\/www.fernabenteuerweh.de\/home\/2024\/04\/24\/weimar-ein-ausflug-quer-durch-die-deutsche-geschichte\/#article","isPartOf":{"@id":"https:\/\/www.fernabenteuerweh.de\/home\/2024\/04\/24\/weimar-ein-ausflug-quer-durch-die-deutsche-geschichte\/"},"author":{"name":"Franzi","@id":"https:\/\/www.fernabenteuerweh.de\/home\/#\/schema\/person\/788ec352952335d48e923f246d8489f6"},"headline":"Weimar: Ein Ausflug quer durch die deutsche Geschichte","datePublished":"2024-04-24T16:00:00+00:00","dateModified":"2025-05-18T16:24:31+00:00","mainEntityOfPage":{"@id":"https:\/\/www.fernabenteuerweh.de\/home\/2024\/04\/24\/weimar-ein-ausflug-quer-durch-die-deutsche-geschichte\/"},"wordCount":812,"commentCount":0,"image":{"@id":"https:\/\/www.fernabenteuerweh.de\/home\/2024\/04\/24\/weimar-ein-ausflug-quer-durch-die-deutsche-geschichte\/#primaryimage"},"thumbnailUrl":"https:\/\/i0.wp.com\/www.fernabenteuerweh.de\/wp-content\/uploads\/2024\/04\/065.jpg?fit=1200%2C675&ssl=1","articleSection":["Deutschland","St\u00e4dtetrips","Tagestouren","Th\u00fcringen"],"inLanguage":"de","potentialAction":[{"@type":"CommentAction","name":"Comment","target":["https:\/\/www.fernabenteuerweh.de\/home\/2024\/04\/24\/weimar-ein-ausflug-quer-durch-die-deutsche-geschichte\/#respond"]}]},{"@type":"WebPage","@id":"https:\/\/www.fernabenteuerweh.de\/home\/2024\/04\/24\/weimar-ein-ausflug-quer-durch-die-deutsche-geschichte\/","url":"https:\/\/www.fernabenteuerweh.de\/home\/2024\/04\/24\/weimar-ein-ausflug-quer-durch-die-deutsche-geschichte\/","name":"Weimar: Ein Ausflug quer durch die deutsche Geschichte - Fernabenteuerweh","isPartOf":{"@id":"https:\/\/www.fernabenteuerweh.de\/home\/#website"},"primaryImageOfPage":{"@id":"https:\/\/www.fernabenteuerweh.de\/home\/2024\/04\/24\/weimar-ein-ausflug-quer-durch-die-deutsche-geschichte\/#primaryimage"},"image":{"@id":"https:\/\/www.fernabenteuerweh.de\/home\/2024\/04\/24\/weimar-ein-ausflug-quer-durch-die-deutsche-geschichte\/#primaryimage"},"thumbnailUrl":"https:\/\/i0.wp.com\/www.fernabenteuerweh.de\/wp-content\/uploads\/2024\/04\/065.jpg?fit=1200%2C675&ssl=1","datePublished":"2024-04-24T16:00:00+00:00","dateModified":"2025-05-18T16:24:31+00:00","author":{"@id":"https:\/\/www.fernabenteuerweh.de\/home\/#\/schema\/person\/788ec352952335d48e923f246d8489f6"},"description":"Weimar, wo soll man da nur anfangen? Weimarer Klassik, Schiller, Goethe oder das Bauhaus - all das geh\u00f6rt zu der Stadt im Herzen Th\u00fcringens!","breadcrumb":{"@id":"https:\/\/www.fernabenteuerweh.de\/home\/2024\/04\/24\/weimar-ein-ausflug-quer-durch-die-deutsche-geschichte\/#breadcrumb"},"inLanguage":"de","potentialAction":[{"@type":"ReadAction","target":["https:\/\/www.fernabenteuerweh.de\/home\/2024\/04\/24\/weimar-ein-ausflug-quer-durch-die-deutsche-geschichte\/"]}]},{"@type":"ImageObject","inLanguage":"de","@id":"https:\/\/www.fernabenteuerweh.de\/home\/2024\/04\/24\/weimar-ein-ausflug-quer-durch-die-deutsche-geschichte\/#primaryimage","url":"https:\/\/i0.wp.com\/www.fernabenteuerweh.de\/wp-content\/uploads\/2024\/04\/065.jpg?fit=1200%2C675&ssl=1","contentUrl":"https:\/\/i0.wp.com\/www.fernabenteuerweh.de\/wp-content\/uploads\/2024\/04\/065.jpg?fit=1200%2C675&ssl=1","width":1200,"height":675,"caption":"Goethes Gartenhaus an der Ilm"},{"@type":"BreadcrumbList","@id":"https:\/\/www.fernabenteuerweh.de\/home\/2024\/04\/24\/weimar-ein-ausflug-quer-durch-die-deutsche-geschichte\/#breadcrumb","itemListElement":[{"@type":"ListItem","position":1,"name":"Startseite","item":"https:\/\/www.fernabenteuerweh.de\/home\/"},{"@type":"ListItem","position":2,"name":"Weimar: Ein Ausflug quer durch die deutsche Geschichte"}]},{"@type":"WebSite","@id":"https:\/\/www.fernabenteuerweh.de\/home\/#website","url":"https:\/\/www.fernabenteuerweh.de\/home\/","name":"Fernabenteuerweh","description":"Wandern, Outdoor, Abenteuer - egal wo!","potentialAction":[{"@type":"SearchAction","target":{"@type":"EntryPoint","urlTemplate":"https:\/\/www.fernabenteuerweh.de\/home\/?s={search_term_string}"},"query-input":{"@type":"PropertyValueSpecification","valueRequired":true,"valueName":"search_term_string"}}],"inLanguage":"de"},{"@type":"Person","@id":"https:\/\/www.fernabenteuerweh.de\/home\/#\/schema\/person\/788ec352952335d48e923f246d8489f6","name":"Franzi","image":{"@type":"ImageObject","inLanguage":"de","@id":"https:\/\/i0.wp.com\/www.fernabenteuerweh.de\/wp-content\/uploads\/2023\/02\/IMG_20220823_141815_676.jpg?fit=96%2C77&#038;ssl=1","url":"https:\/\/i0.wp.com\/www.fernabenteuerweh.de\/wp-content\/uploads\/2023\/02\/IMG_20220823_141815_676.jpg?fit=96%2C77&#038;ssl=1","contentUrl":"https:\/\/i0.wp.com\/www.fernabenteuerweh.de\/wp-content\/uploads\/2023\/02\/IMG_20220823_141815_676.jpg?fit=96%2C77&#038;ssl=1","caption":"Franzi"},"url":"https:\/\/www.fernabenteuerweh.de\/home\/author\/franziska-buettner\/"}]}},"jetpack_publicize_connections":[],"jetpack_featured_media_url":"https:\/\/i0.wp.com\/www.fernabenteuerweh.de\/wp-content\/uploads\/2024\/04\/065.jpg?fit=1200%2C675&ssl=1","jetpack_sharing_enabled":true,"jetpack_shortlink":"https:\/\/wp.me\/p9vZkH-1fk","jetpack_likes_enabled":true,"jetpack-related-posts":[{"id":5218,"url":"https:\/\/www.fernabenteuerweh.de\/home\/2025\/02\/05\/rund-um-die-burg-loket-wanderung-durch-geschichte-und-natur-in-westboehmen\/","url_meta":{"origin":4794,"position":0},"title":"Rund um die Burg Loket: Wanderung durch Geschichte und Natur in Westb\u00f6hmen","author":"S\u00f6ren","date":"5. Februar 2025","format":false,"excerpt":"Eingebettet in die malerischen Schleifen der Eger thront die mittelalterliche Burg Loket \u2013 ein echtes Juwel in Westb\u00f6hmen! Entdecke auf einer abwechslungsreichen Rundwanderung die beeindruckende Geschichte der Burg, idyllische Waldpfade und die charmante Altstadt von Loket. Von Legenden \u00fcber den \u201eStein des Schicksals\u201c bis zu atemberaubenden Ausblicken: Dieser Ausflug verbindet\u2026","rel":"","context":"In &quot;Polen\/Tschechien&quot;","block_context":{"text":"Polen\/Tschechien","link":"https:\/\/www.fernabenteuerweh.de\/home\/category\/tagestouren\/polen-tschechien\/"},"img":{"alt_text":"","src":"https:\/\/i0.wp.com\/www.fernabenteuerweh.de\/wp-content\/uploads\/2025\/02\/Beitragsbild.jpg?fit=1200%2C674&ssl=1&resize=350%2C200","width":350,"height":200,"srcset":"https:\/\/i0.wp.com\/www.fernabenteuerweh.de\/wp-content\/uploads\/2025\/02\/Beitragsbild.jpg?fit=1200%2C674&ssl=1&resize=350%2C200 1x, https:\/\/i0.wp.com\/www.fernabenteuerweh.de\/wp-content\/uploads\/2025\/02\/Beitragsbild.jpg?fit=1200%2C674&ssl=1&resize=525%2C300 1.5x, https:\/\/i0.wp.com\/www.fernabenteuerweh.de\/wp-content\/uploads\/2025\/02\/Beitragsbild.jpg?fit=1200%2C674&ssl=1&resize=700%2C400 2x, https:\/\/i0.wp.com\/www.fernabenteuerweh.de\/wp-content\/uploads\/2025\/02\/Beitragsbild.jpg?fit=1200%2C674&ssl=1&resize=1050%2C600 3x"},"classes":[]},{"id":5237,"url":"https:\/\/www.fernabenteuerweh.de\/home\/2025\/01\/29\/colmar-eine-perle-im-elsass\/","url_meta":{"origin":4794,"position":1},"title":"Colmar: Kleinod im Elsass","author":"S\u00f6ren","date":"29. Januar 2025","format":false,"excerpt":"Colmar: Fachwerkh\u00e4user, romantische Kan\u00e4le und franz\u00f6sischer Charme \u2013 entdecke die Perle des Elsass! Tipps, Must-Sees und Highlights f\u00fcr deinen perfekten St\u00e4dtetrip.","rel":"","context":"In &quot;St\u00e4dtetrips&quot;","block_context":{"text":"St\u00e4dtetrips","link":"https:\/\/www.fernabenteuerweh.de\/home\/category\/staedtetrips\/"},"img":{"alt_text":"Colmar","src":"https:\/\/i0.wp.com\/www.fernabenteuerweh.de\/wp-content\/uploads\/2025\/01\/040.jpg?fit=1200%2C675&ssl=1&resize=350%2C200","width":350,"height":200,"srcset":"https:\/\/i0.wp.com\/www.fernabenteuerweh.de\/wp-content\/uploads\/2025\/01\/040.jpg?fit=1200%2C675&ssl=1&resize=350%2C200 1x, https:\/\/i0.wp.com\/www.fernabenteuerweh.de\/wp-content\/uploads\/2025\/01\/040.jpg?fit=1200%2C675&ssl=1&resize=525%2C300 1.5x, https:\/\/i0.wp.com\/www.fernabenteuerweh.de\/wp-content\/uploads\/2025\/01\/040.jpg?fit=1200%2C675&ssl=1&resize=700%2C400 2x, https:\/\/i0.wp.com\/www.fernabenteuerweh.de\/wp-content\/uploads\/2025\/01\/040.jpg?fit=1200%2C675&ssl=1&resize=1050%2C600 3x"},"classes":[]},{"id":5795,"url":"https:\/\/www.fernabenteuerweh.de\/home\/2025\/04\/03\/muenster-stadtrundgang-zwischen-geschichte-giebeln-und-gruen\/","url_meta":{"origin":4794,"position":2},"title":"M\u00fcnster: Stadtrundgang zwischen Geschichte, Giebeln und Gr\u00fcn","author":"S\u00f6ren","date":"3. April 2025","format":false,"excerpt":"M\u00fcnster \u2013 zwischen gotischen T\u00fcrmen, barockem Schloss und glitzerndem Aasee entfaltet sich eine Stadt voller Geschichte und Gelassenheit. Komm mit auf einen Stadtrundgang durch Giebelgassen, Friedenss\u00e4le und gr\u00fcne Uferwege \u2013 und entdecke, warum ein Tag in M\u00fcnster viel mehr ist als nur ein Spaziergang.","rel":"","context":"In &quot;St\u00e4dtetrips&quot;","block_context":{"text":"St\u00e4dtetrips","link":"https:\/\/www.fernabenteuerweh.de\/home\/category\/staedtetrips\/"},"img":{"alt_text":"","src":"https:\/\/i0.wp.com\/www.fernabenteuerweh.de\/wp-content\/uploads\/2025\/04\/Beitragsbild.jpg?fit=1200%2C675&ssl=1&resize=350%2C200","width":350,"height":200,"srcset":"https:\/\/i0.wp.com\/www.fernabenteuerweh.de\/wp-content\/uploads\/2025\/04\/Beitragsbild.jpg?fit=1200%2C675&ssl=1&resize=350%2C200 1x, https:\/\/i0.wp.com\/www.fernabenteuerweh.de\/wp-content\/uploads\/2025\/04\/Beitragsbild.jpg?fit=1200%2C675&ssl=1&resize=525%2C300 1.5x, https:\/\/i0.wp.com\/www.fernabenteuerweh.de\/wp-content\/uploads\/2025\/04\/Beitragsbild.jpg?fit=1200%2C675&ssl=1&resize=700%2C400 2x, https:\/\/i0.wp.com\/www.fernabenteuerweh.de\/wp-content\/uploads\/2025\/04\/Beitragsbild.jpg?fit=1200%2C675&ssl=1&resize=1050%2C600 3x"},"classes":[]},{"id":5042,"url":"https:\/\/www.fernabenteuerweh.de\/home\/2024\/06\/19\/grenen-in-juetland-treffen-sich-zwei-meere\/","url_meta":{"origin":4794,"position":3},"title":"Die Landspitze Grenen: Wo Nord- und Ostsee aufeinandertreffen","author":"S\u00f6ren","date":"19. Juni 2024","format":false,"excerpt":"An der Nordspitze D\u00e4nemarks, der Landzunge Grenen, treffen Nord- und Ostsee aufeinander. Eine kleine Wanderung mit Besichtigung der Weltkriegsbunker bietet sich an.","rel":"","context":"In &quot;D\u00e4nemark&quot;","block_context":{"text":"D\u00e4nemark","link":"https:\/\/www.fernabenteuerweh.de\/home\/category\/tagestouren\/daenemark\/"},"img":{"alt_text":"Leuchtturm und Bunker","src":"https:\/\/i0.wp.com\/www.fernabenteuerweh.de\/wp-content\/uploads\/2024\/06\/20230820_104823.jpg?fit=1200%2C675&ssl=1&resize=350%2C200","width":350,"height":200,"srcset":"https:\/\/i0.wp.com\/www.fernabenteuerweh.de\/wp-content\/uploads\/2024\/06\/20230820_104823.jpg?fit=1200%2C675&ssl=1&resize=350%2C200 1x, https:\/\/i0.wp.com\/www.fernabenteuerweh.de\/wp-content\/uploads\/2024\/06\/20230820_104823.jpg?fit=1200%2C675&ssl=1&resize=525%2C300 1.5x, https:\/\/i0.wp.com\/www.fernabenteuerweh.de\/wp-content\/uploads\/2024\/06\/20230820_104823.jpg?fit=1200%2C675&ssl=1&resize=700%2C400 2x, https:\/\/i0.wp.com\/www.fernabenteuerweh.de\/wp-content\/uploads\/2024\/06\/20230820_104823.jpg?fit=1200%2C675&ssl=1&resize=1050%2C600 3x"},"classes":[]},{"id":4985,"url":"https:\/\/www.fernabenteuerweh.de\/home\/2024\/06\/05\/rubjerg-knude-eine-daenische-wuestenlandschaft\/","url_meta":{"origin":4794,"position":4},"title":"Rubjerg Knude &#8211; eine d\u00e4nische W\u00fcstenlandschaft","author":"S\u00f6ren","date":"5. Juni 2024","format":false,"excerpt":"Im hohen Norden D\u00e4nemarks, in J\u00fctland, erstreckt sich die eindrucksvolle Wanderd\u00fcne Rubjerg Knude. Zusammen mit ihrem Leuchtturm, dem Rubjerg Knude Fyr, ist die D\u00fcne ein absolutes Highlight und sollte bei einem Besuch in J\u00fctland definitiv erwandert werden.","rel":"","context":"In &quot;D\u00e4nemark&quot;","block_context":{"text":"D\u00e4nemark","link":"https:\/\/www.fernabenteuerweh.de\/home\/category\/tagestouren\/daenemark\/"},"img":{"alt_text":"","src":"https:\/\/i0.wp.com\/www.fernabenteuerweh.de\/wp-content\/uploads\/2024\/06\/20230819_123048.jpg?fit=1200%2C675&ssl=1&resize=350%2C200","width":350,"height":200,"srcset":"https:\/\/i0.wp.com\/www.fernabenteuerweh.de\/wp-content\/uploads\/2024\/06\/20230819_123048.jpg?fit=1200%2C675&ssl=1&resize=350%2C200 1x, https:\/\/i0.wp.com\/www.fernabenteuerweh.de\/wp-content\/uploads\/2024\/06\/20230819_123048.jpg?fit=1200%2C675&ssl=1&resize=525%2C300 1.5x, https:\/\/i0.wp.com\/www.fernabenteuerweh.de\/wp-content\/uploads\/2024\/06\/20230819_123048.jpg?fit=1200%2C675&ssl=1&resize=700%2C400 2x, https:\/\/i0.wp.com\/www.fernabenteuerweh.de\/wp-content\/uploads\/2024\/06\/20230819_123048.jpg?fit=1200%2C675&ssl=1&resize=1050%2C600 3x"},"classes":[]},{"id":5177,"url":"https:\/\/www.fernabenteuerweh.de\/home\/2025\/01\/15\/die-greifensteine-bachlaeufe-und-waldgeister-eine-rundwanderung-im-erzgebirge\/","url_meta":{"origin":4794,"position":5},"title":"Die Greifensteine, Bachl\u00e4ufe und Waldgeister &#8211; Eine Rundwanderung im Erzgebirge","author":"S\u00f6ren","date":"15. Januar 2025","format":false,"excerpt":"Erlebe eine abwechslungsreiche Rundwanderung durch die faszinierende Natur des Erzgebirges: von beeindruckenden Granitfelsen \u00fcber historische Bergbauspuren bis hin zu einzigartigen Aussichtspunkten.","rel":"","context":"In &quot;Deutschland&quot;","block_context":{"text":"Deutschland","link":"https:\/\/www.fernabenteuerweh.de\/home\/category\/tagestouren\/deutschland\/"},"img":{"alt_text":"Br\u00fccke \u00fcber den R\u00f6hrengraben auf dem Weg zu den Greifensteinen","src":"https:\/\/i0.wp.com\/www.fernabenteuerweh.de\/wp-content\/uploads\/2025\/01\/Roehrengraben_Greifensteine_Soeren.jpg?fit=1200%2C675&ssl=1&resize=350%2C200","width":350,"height":200,"srcset":"https:\/\/i0.wp.com\/www.fernabenteuerweh.de\/wp-content\/uploads\/2025\/01\/Roehrengraben_Greifensteine_Soeren.jpg?fit=1200%2C675&ssl=1&resize=350%2C200 1x, https:\/\/i0.wp.com\/www.fernabenteuerweh.de\/wp-content\/uploads\/2025\/01\/Roehrengraben_Greifensteine_Soeren.jpg?fit=1200%2C675&ssl=1&resize=525%2C300 1.5x, https:\/\/i0.wp.com\/www.fernabenteuerweh.de\/wp-content\/uploads\/2025\/01\/Roehrengraben_Greifensteine_Soeren.jpg?fit=1200%2C675&ssl=1&resize=700%2C400 2x, https:\/\/i0.wp.com\/www.fernabenteuerweh.de\/wp-content\/uploads\/2025\/01\/Roehrengraben_Greifensteine_Soeren.jpg?fit=1200%2C675&ssl=1&resize=1050%2C600 3x"},"classes":[]}],"_links":{"self":[{"href":"https:\/\/www.fernabenteuerweh.de\/home\/wp-json\/wp\/v2\/posts\/4794","targetHints":{"allow":["GET"]}}],"collection":[{"href":"https:\/\/www.fernabenteuerweh.de\/home\/wp-json\/wp\/v2\/posts"}],"about":[{"href":"https:\/\/www.fernabenteuerweh.de\/home\/wp-json\/wp\/v2\/types\/post"}],"author":[{"embeddable":true,"href":"https:\/\/www.fernabenteuerweh.de\/home\/wp-json\/wp\/v2\/users\/2"}],"replies":[{"embeddable":true,"href":"https:\/\/www.fernabenteuerweh.de\/home\/wp-json\/wp\/v2\/comments?post=4794"}],"version-history":[{"count":10,"href":"https:\/\/www.fernabenteuerweh.de\/home\/wp-json\/wp\/v2\/posts\/4794\/revisions"}],"predecessor-version":[{"id":5845,"href":"https:\/\/www.fernabenteuerweh.de\/home\/wp-json\/wp\/v2\/posts\/4794\/revisions\/5845"}],"wp:featuredmedia":[{"embeddable":true,"href":"https:\/\/www.fernabenteuerweh.de\/home\/wp-json\/wp\/v2\/media\/4807"}],"wp:attachment":[{"href":"https:\/\/www.fernabenteuerweh.de\/home\/wp-json\/wp\/v2\/media?parent=4794"}],"wp:term":[{"taxonomy":"category","embeddable":true,"href":"https:\/\/www.fernabenteuerweh.de\/home\/wp-json\/wp\/v2\/categories?post=4794"},{"taxonomy":"post_tag","embeddable":true,"href":"https:\/\/www.fernabenteuerweh.de\/home\/wp-json\/wp\/v2\/tags?post=4794"}],"curies":[{"name":"wp","href":"https:\/\/api.w.org\/{rel}","templated":true}]}}