{"id":5192,"date":"2025-02-12T18:00:00","date_gmt":"2025-02-12T17:00:00","guid":{"rendered":"https:\/\/www.fernabenteuerweh.de\/home\/?p=5192"},"modified":"2025-05-18T18:13:18","modified_gmt":"2025-05-18T16:13:18","slug":"hoechster-gipfel-mecklenburg-vorpommerns-helpter-berg-179-m","status":"publish","type":"post","link":"https:\/\/www.fernabenteuerweh.de\/home\/2025\/02\/12\/hoechster-gipfel-mecklenburg-vorpommerns-helpter-berg-179-m\/","title":{"rendered":"H\u00f6chster Gipfel Mecklenburg-Vorpommerns: Helpter Berg (179 m)"},"content":{"rendered":"\n<p>Mit der Wanderung auf den Helpter Berg in Mecklenburg-Vorpommern haben wir unser Langzeitprojekt &#8222;16 Summits&#8220; im November 2024 nach etwa zweieinhalb Jahren endlich abgeschlossen. Ein kleiner R\u00fcckblick auf alle Touren, unser pers\u00f6nliches Ranking und ein Fazit folgen in K\u00fcrze in einem separaten Beitrag, hier folgt zun\u00e4chst unser Bericht zu einer Herbstwanderung mit mystischem Nebel.<\/p>\n\n\n\n<h2 class=\"wp-block-heading\">Lage und Entstehung des Helpter Bergs<\/h2>\n\n\n\n<p>Mecklenburg-Vorpommern kennt man als eines der flachen Bundesl\u00e4nder Deutschlands, umso \u00fcberraschter waren wir in Vorbereitung auf die Tour, als wir feststellten, dass der h\u00f6chste Gipfel Meck-Pomms ganze 179 m misst. Der Helpter Berg \u00fcberragt also immerhin vier der anderen Summits. Wie genau die h\u00f6chste Erhebung Mecklenburg-Vorpommerns entstanden ist, scheint nicht ganz klar zu sein, da sich sowohl Merkmale einer Endmor\u00e4ne als auch eines Eiszerfalls aus der Weichsel-Eiszeit finden lassen.<\/p>\n\n\n\n<h2 class=\"wp-block-heading\">Wanderung auf den Helpter Berg<\/h2>\n\n\n\n<p>Wir haben Woldegk als Start und Zielort unserer Wanderung gew\u00e4hlt, doch auch die Orte Helpt und Mildenitz eignen sich als Ausgangspunkte zur Besteigung des Mecklenburger Gipfels. Vom Marktplatz der kleinen Stadt machen uns auf den Weg zur ehemaligen Stadtmauer, deren Reste noch immer deutlich erkennbar sind. \u00dcberhaupt sieht man Woldegk seine Entstehung im Mittelalter und den urspr\u00fcnglich ovalen Stadtkern an.<\/p>\n\n\n\n<div class=\"wp-block-jetpack-slideshow aligncenter\" data-effect=\"slide\"><div class=\"wp-block-jetpack-slideshow_container swiper-container\"><ul class=\"wp-block-jetpack-slideshow_swiper-wrapper swiper-wrapper\"><li class=\"wp-block-jetpack-slideshow_slide swiper-slide\"><figure><img data-recalc-dims=\"1\" decoding=\"async\" width=\"780\" height=\"439\" alt=\"Woldegk\" class=\"wp-block-jetpack-slideshow_image wp-image-5200 lazyload\" data-id=\"5200\" data-src=\"https:\/\/i0.wp.com\/www.fernabenteuerweh.de\/wp-content\/uploads\/2025\/01\/20241110_092828.jpg?resize=780%2C439&#038;ssl=1\" data-srcset=\"https:\/\/i0.wp.com\/www.fernabenteuerweh.de\/wp-content\/uploads\/2025\/01\/20241110_092828.jpg?resize=1024%2C576&amp;ssl=1 1024w, https:\/\/i0.wp.com\/www.fernabenteuerweh.de\/wp-content\/uploads\/2025\/01\/20241110_092828.jpg?resize=300%2C169&amp;ssl=1 300w, https:\/\/i0.wp.com\/www.fernabenteuerweh.de\/wp-content\/uploads\/2025\/01\/20241110_092828.jpg?resize=768%2C432&amp;ssl=1 768w, https:\/\/i0.wp.com\/www.fernabenteuerweh.de\/wp-content\/uploads\/2025\/01\/20241110_092828.jpg?w=1200&amp;ssl=1 1200w\" data-sizes=\"(max-width: 780px) 100vw, 780px\" src=\"data:image\/svg+xml;base64,PHN2ZyB3aWR0aD0iMSIgaGVpZ2h0PSIxIiB4bWxucz0iaHR0cDovL3d3dy53My5vcmcvMjAwMC9zdmciPjwvc3ZnPg==\" style=\"--smush-placeholder-width: 780px; --smush-placeholder-aspect-ratio: 780\/439;\" \/><figcaption class=\"wp-block-jetpack-slideshow_caption gallery-caption\">Im beschaulichen Woldegk startet unsere Tour<\/figcaption><\/figure><\/li><li class=\"wp-block-jetpack-slideshow_slide swiper-slide\"><figure><img data-recalc-dims=\"1\" decoding=\"async\" width=\"780\" height=\"439\" alt=\"\" class=\"wp-block-jetpack-slideshow_image wp-image-5201 lazyload\" data-id=\"5201\" data-src=\"https:\/\/i0.wp.com\/www.fernabenteuerweh.de\/wp-content\/uploads\/2025\/01\/20241110_093807.jpg?resize=780%2C439&#038;ssl=1\" data-srcset=\"https:\/\/i0.wp.com\/www.fernabenteuerweh.de\/wp-content\/uploads\/2025\/01\/20241110_093807.jpg?resize=1024%2C576&amp;ssl=1 1024w, https:\/\/i0.wp.com\/www.fernabenteuerweh.de\/wp-content\/uploads\/2025\/01\/20241110_093807.jpg?resize=300%2C169&amp;ssl=1 300w, https:\/\/i0.wp.com\/www.fernabenteuerweh.de\/wp-content\/uploads\/2025\/01\/20241110_093807.jpg?resize=768%2C432&amp;ssl=1 768w, https:\/\/i0.wp.com\/www.fernabenteuerweh.de\/wp-content\/uploads\/2025\/01\/20241110_093807.jpg?w=1200&amp;ssl=1 1200w\" data-sizes=\"(max-width: 780px) 100vw, 780px\" src=\"data:image\/svg+xml;base64,PHN2ZyB3aWR0aD0iMSIgaGVpZ2h0PSIxIiB4bWxucz0iaHR0cDovL3d3dy53My5vcmcvMjAwMC9zdmciPjwvc3ZnPg==\" style=\"--smush-placeholder-width: 780px; --smush-placeholder-aspect-ratio: 780\/439;\" \/><\/figure><\/li><li class=\"wp-block-jetpack-slideshow_slide swiper-slide\"><figure><img data-recalc-dims=\"1\" decoding=\"async\" width=\"780\" height=\"439\" alt=\"\" class=\"wp-block-jetpack-slideshow_image wp-image-5202 lazyload\" data-id=\"5202\" data-src=\"https:\/\/i0.wp.com\/www.fernabenteuerweh.de\/wp-content\/uploads\/2025\/01\/20241110_095401.jpg?resize=780%2C439&#038;ssl=1\" data-srcset=\"https:\/\/i0.wp.com\/www.fernabenteuerweh.de\/wp-content\/uploads\/2025\/01\/20241110_095401.jpg?resize=1024%2C576&amp;ssl=1 1024w, https:\/\/i0.wp.com\/www.fernabenteuerweh.de\/wp-content\/uploads\/2025\/01\/20241110_095401.jpg?resize=300%2C169&amp;ssl=1 300w, https:\/\/i0.wp.com\/www.fernabenteuerweh.de\/wp-content\/uploads\/2025\/01\/20241110_095401.jpg?resize=768%2C432&amp;ssl=1 768w, https:\/\/i0.wp.com\/www.fernabenteuerweh.de\/wp-content\/uploads\/2025\/01\/20241110_095401.jpg?w=1200&amp;ssl=1 1200w\" data-sizes=\"(max-width: 780px) 100vw, 780px\" src=\"data:image\/svg+xml;base64,PHN2ZyB3aWR0aD0iMSIgaGVpZ2h0PSIxIiB4bWxucz0iaHR0cDovL3d3dy53My5vcmcvMjAwMC9zdmciPjwvc3ZnPg==\" style=\"--smush-placeholder-width: 780px; --smush-placeholder-aspect-ratio: 780\/439;\" \/><figcaption class=\"wp-block-jetpack-slideshow_caption gallery-caption\">Eine Novemberwanderung wie gemalt<\/figcaption><\/figure><\/li><li class=\"wp-block-jetpack-slideshow_slide swiper-slide\"><figure><img data-recalc-dims=\"1\" decoding=\"async\" width=\"780\" height=\"439\" alt=\"Helpter Berg\" class=\"wp-block-jetpack-slideshow_image wp-image-5203 lazyload\" data-id=\"5203\" data-src=\"https:\/\/i0.wp.com\/www.fernabenteuerweh.de\/wp-content\/uploads\/2025\/01\/20241110_102511.jpg?resize=780%2C439&#038;ssl=1\" data-srcset=\"https:\/\/i0.wp.com\/www.fernabenteuerweh.de\/wp-content\/uploads\/2025\/01\/20241110_102511.jpg?resize=1024%2C576&amp;ssl=1 1024w, https:\/\/i0.wp.com\/www.fernabenteuerweh.de\/wp-content\/uploads\/2025\/01\/20241110_102511.jpg?resize=300%2C169&amp;ssl=1 300w, https:\/\/i0.wp.com\/www.fernabenteuerweh.de\/wp-content\/uploads\/2025\/01\/20241110_102511.jpg?resize=768%2C432&amp;ssl=1 768w, https:\/\/i0.wp.com\/www.fernabenteuerweh.de\/wp-content\/uploads\/2025\/01\/20241110_102511.jpg?w=1200&amp;ssl=1 1200w\" data-sizes=\"(max-width: 780px) 100vw, 780px\" src=\"data:image\/svg+xml;base64,PHN2ZyB3aWR0aD0iMSIgaGVpZ2h0PSIxIiB4bWxucz0iaHR0cDovL3d3dy53My5vcmcvMjAwMC9zdmciPjwvc3ZnPg==\" style=\"--smush-placeholder-width: 780px; --smush-placeholder-aspect-ratio: 780\/439;\" \/><\/figure><\/li><li class=\"wp-block-jetpack-slideshow_slide swiper-slide\"><figure><img data-recalc-dims=\"1\" decoding=\"async\" width=\"780\" height=\"439\" alt=\"Helpter Berg\" class=\"wp-block-jetpack-slideshow_image wp-image-5205 lazyload\" data-id=\"5205\" data-src=\"https:\/\/i0.wp.com\/www.fernabenteuerweh.de\/wp-content\/uploads\/2025\/01\/20241110_103642.jpg?resize=780%2C439&#038;ssl=1\" data-srcset=\"https:\/\/i0.wp.com\/www.fernabenteuerweh.de\/wp-content\/uploads\/2025\/01\/20241110_103642.jpg?resize=1024%2C576&amp;ssl=1 1024w, https:\/\/i0.wp.com\/www.fernabenteuerweh.de\/wp-content\/uploads\/2025\/01\/20241110_103642.jpg?resize=300%2C169&amp;ssl=1 300w, https:\/\/i0.wp.com\/www.fernabenteuerweh.de\/wp-content\/uploads\/2025\/01\/20241110_103642.jpg?resize=768%2C432&amp;ssl=1 768w, https:\/\/i0.wp.com\/www.fernabenteuerweh.de\/wp-content\/uploads\/2025\/01\/20241110_103642.jpg?w=1200&amp;ssl=1 1200w\" data-sizes=\"(max-width: 780px) 100vw, 780px\" src=\"data:image\/svg+xml;base64,PHN2ZyB3aWR0aD0iMSIgaGVpZ2h0PSIxIiB4bWxucz0iaHR0cDovL3d3dy53My5vcmcvMjAwMC9zdmciPjwvc3ZnPg==\" style=\"--smush-placeholder-width: 780px; --smush-placeholder-aspect-ratio: 780\/439;\" \/><\/figure><\/li><li class=\"wp-block-jetpack-slideshow_slide swiper-slide\"><figure><img data-recalc-dims=\"1\" decoding=\"async\" width=\"780\" height=\"439\" alt=\"\" class=\"wp-block-jetpack-slideshow_image wp-image-5204 lazyload\" data-id=\"5204\" data-src=\"https:\/\/i0.wp.com\/www.fernabenteuerweh.de\/wp-content\/uploads\/2025\/01\/20241110_103611.jpg?resize=780%2C439&#038;ssl=1\" data-srcset=\"https:\/\/i0.wp.com\/www.fernabenteuerweh.de\/wp-content\/uploads\/2025\/01\/20241110_103611.jpg?resize=1024%2C576&amp;ssl=1 1024w, https:\/\/i0.wp.com\/www.fernabenteuerweh.de\/wp-content\/uploads\/2025\/01\/20241110_103611.jpg?resize=300%2C169&amp;ssl=1 300w, https:\/\/i0.wp.com\/www.fernabenteuerweh.de\/wp-content\/uploads\/2025\/01\/20241110_103611.jpg?resize=768%2C432&amp;ssl=1 768w, https:\/\/i0.wp.com\/www.fernabenteuerweh.de\/wp-content\/uploads\/2025\/01\/20241110_103611.jpg?w=1200&amp;ssl=1 1200w\" data-sizes=\"(max-width: 780px) 100vw, 780px\" src=\"data:image\/svg+xml;base64,PHN2ZyB3aWR0aD0iMSIgaGVpZ2h0PSIxIiB4bWxucz0iaHR0cDovL3d3dy53My5vcmcvMjAwMC9zdmciPjwvc3ZnPg==\" style=\"--smush-placeholder-width: 780px; --smush-placeholder-aspect-ratio: 780\/439;\" \/><figcaption class=\"wp-block-jetpack-slideshow_caption gallery-caption\">Wir haben es geschafft!<\/figcaption><\/figure><\/li><li class=\"wp-block-jetpack-slideshow_slide swiper-slide\"><figure><img data-recalc-dims=\"1\" decoding=\"async\" width=\"780\" height=\"429\" alt=\"\" class=\"wp-block-jetpack-slideshow_image wp-image-5206 lazyload\" data-id=\"5206\" data-src=\"https:\/\/i0.wp.com\/www.fernabenteuerweh.de\/wp-content\/uploads\/2025\/01\/20241110_103701.jpg?resize=780%2C429&#038;ssl=1\" data-srcset=\"https:\/\/i0.wp.com\/www.fernabenteuerweh.de\/wp-content\/uploads\/2025\/01\/20241110_103701.jpg?resize=1024%2C563&amp;ssl=1 1024w, https:\/\/i0.wp.com\/www.fernabenteuerweh.de\/wp-content\/uploads\/2025\/01\/20241110_103701.jpg?resize=300%2C165&amp;ssl=1 300w, https:\/\/i0.wp.com\/www.fernabenteuerweh.de\/wp-content\/uploads\/2025\/01\/20241110_103701.jpg?resize=768%2C422&amp;ssl=1 768w, https:\/\/i0.wp.com\/www.fernabenteuerweh.de\/wp-content\/uploads\/2025\/01\/20241110_103701.jpg?w=1200&amp;ssl=1 1200w\" data-sizes=\"(max-width: 780px) 100vw, 780px\" src=\"data:image\/svg+xml;base64,PHN2ZyB3aWR0aD0iMSIgaGVpZ2h0PSIxIiB4bWxucz0iaHR0cDovL3d3dy53My5vcmcvMjAwMC9zdmciPjwvc3ZnPg==\" style=\"--smush-placeholder-width: 780px; --smush-placeholder-aspect-ratio: 780\/429;\" \/><\/figure><\/li><\/ul><a class=\"wp-block-jetpack-slideshow_button-prev swiper-button-prev swiper-button-white\" role=\"button\"><\/a><a class=\"wp-block-jetpack-slideshow_button-next swiper-button-next swiper-button-white\" role=\"button\"><\/a><a aria-label=\"Pause Slideshow\" class=\"wp-block-jetpack-slideshow_button-pause\" role=\"button\"><\/a><div class=\"wp-block-jetpack-slideshow_pagination swiper-pagination swiper-pagination-white\"><\/div><\/div><\/div>\n\n\n\n<p>Der Weg zum Helpter Berg ist mit leuchtend orangen Schildern sehr gut ausgezeichnet und f\u00fchrt uns schon bald aus dem Ort heraus und entlang nebelverhangener Felder in den Wald hinein. Die meiste Zeit laufen wir auf Fahrwegen, doch je n\u00e4her wir dem Gipfel kommen, desto mehr \u00fcbernimmt das herbstliche Laub und bald sehen wir den Weg kaum noch. Als am Wegesrand die orange Tafel mit der Aufschrift Helpter Berg steht, denken wir f\u00fcr einen Moment wir w\u00e4ren schon da, doch ein Rundumblick belehrt uns eines Besseren, denn ganz offensichtlich gibt es in diesem Wald noch h\u00f6her gelegene Punkte. Nach einiger Wegsuche im Herbstlaub werden wir auch f\u00fcndig.<\/p>\n\n\n\n<p>Der Gipfel ist durch ein kleines schwarz lackiertes Kreuz gekennzeichnet, an dem sogar ein Gipfelbuch angebracht ist. Und nicht nur das, neben dem physischen Gipfelbuch, h\u00e4ngen an der kleinen Rasth\u00fctte QR-Codes f\u00fcr die Registrierung im <a href=\"https:\/\/helpter-berge.de\/index.php\/de\/helpter-berge\/gipfelbuch\">digitalen Gipfelbuch<\/a> des Helpter Bergs aus. Darin finden sich zahlreiche Eintr\u00e4ge von tapferen 16-Summit-Wanderern, doch das Projektende feiern hier scheinbar die wenigsten. Auf dem Weg nach unten kommen wir abermals ein bisschen vom Weg ab (wie auch in der Aufzeichnung zu erkennen ist), aber in Nebel und Laub getaucht, sieht einfach alles gleich aus und schlie\u00dflich finden wir den Weg auch wieder und kehren einer Stra\u00dfe folgend nach Woldegk zur\u00fcck.<\/p>\n\n\n\n<iframe data-src=\"https:\/\/www.komoot.com\/de-de\/tour\/1951602584\/embed?profile=1\" width=\"100%\" height=\"700\" frameborder=\"0\" scrolling=\"no\" src=\"data:image\/svg+xml;base64,PHN2ZyB3aWR0aD0iMSIgaGVpZ2h0PSIxIiB4bWxucz0iaHR0cDovL3d3dy53My5vcmcvMjAwMC9zdmciPjwvc3ZnPg==\" class=\"lazyload\" data-load-mode=\"1\"><\/iframe>\n\n\n\n<h2 class=\"wp-block-heading\">Fazit<\/h2>\n\n\n\n<p>Das Ende der &#8222;16 Summits&#8220; h\u00e4tte sicherlich spektakul\u00e4rer sein k\u00f6nnen, aber kaum szenischer als im nebligen und herbstlichen Wald Mecklenburg-Vorpommerns und wie h\u00e4tten wir unseren Projektauftakt, den wir 2022 mit der <a href=\"https:\/\/www.fernabenteuerweh.de\/home\/2022\/06\/08\/ein-triple-an-der-zugspitze\/\">Besteigung der Zugspitze<\/a> gefeiert haben, noch toppen sollen? So oder so sind wir zufrieden mit dem Ausgang dieser Challenge und \u00fcberlegen schon, welches Ziel wir uns als n\u00e4chstes setzen k\u00f6nnten.<\/p>\n","protected":false},"excerpt":{"rendered":"<p>Eine herbstliche Wanderung auf den Helpter Berg: bunte W\u00e4lder, neblige Felder und unser finaler Gipfel der 16 Summits.<\/p>\n","protected":false},"author":2,"featured_media":5202,"comment_status":"open","ping_status":"open","sticky":false,"template":"","format":"standard","meta":{"_eb_attr":"","jetpack_post_was_ever_published":false,"_jetpack_newsletter_access":"","_jetpack_dont_email_post_to_subs":false,"_jetpack_newsletter_tier_id":0,"_jetpack_memberships_contains_paywalled_content":false,"_jetpack_memberships_contains_paid_content":false,"footnotes":"","jetpack_publicize_message":"","jetpack_publicize_feature_enabled":true,"jetpack_social_post_already_shared":true,"jetpack_social_options":{"image_generator_settings":{"template":"highway","enabled":false},"version":2}},"categories":[31,68,15],"tags":[],"class_list":["post-5192","post","type-post","status-publish","format-standard","has-post-thumbnail","hentry","category-16-summits","category-deutschland","category-tagestouren"],"yoast_head":"<!-- This site is optimized with the Yoast SEO plugin v27.5 - https:\/\/yoast.com\/product\/yoast-seo-wordpress\/ -->\n<title>H\u00f6chster Gipfel Mecklenburg-Vorpommerns: Helpter Berg (179 m) - Fernabenteuerweh<\/title>\n<meta name=\"description\" content=\"Eine herbstliche Wanderung auf den Helpter Berg: bunte W\u00e4lder, neblige Felder und unser finaler Gipfel der 16 Summits.\" \/>\n<meta name=\"robots\" content=\"index, follow, max-snippet:-1, max-image-preview:large, max-video-preview:-1\" \/>\n<link rel=\"canonical\" href=\"https:\/\/www.fernabenteuerweh.de\/home\/2025\/02\/12\/hoechster-gipfel-mecklenburg-vorpommerns-helpter-berg-179-m\/\" \/>\n<meta property=\"og:locale\" content=\"de_DE\" \/>\n<meta property=\"og:type\" content=\"article\" \/>\n<meta property=\"og:title\" content=\"H\u00f6chster Gipfel Mecklenburg-Vorpommerns: Helpter Berg (179 m) - Fernabenteuerweh\" \/>\n<meta property=\"og:description\" content=\"Eine herbstliche Wanderung auf den Helpter Berg: bunte W\u00e4lder, neblige Felder und unser finaler Gipfel der 16 Summits.\" \/>\n<meta property=\"og:url\" content=\"https:\/\/www.fernabenteuerweh.de\/home\/2025\/02\/12\/hoechster-gipfel-mecklenburg-vorpommerns-helpter-berg-179-m\/\" \/>\n<meta property=\"og:site_name\" content=\"Fernabenteuerweh\" \/>\n<meta property=\"article:published_time\" content=\"2025-02-12T17:00:00+00:00\" \/>\n<meta property=\"article:modified_time\" content=\"2025-05-18T16:13:18+00:00\" \/>\n<meta property=\"og:image\" content=\"https:\/\/www.fernabenteuerweh.de\/wp-content\/uploads\/2025\/01\/20241110_095401.jpg\" \/>\n\t<meta property=\"og:image:width\" content=\"1200\" \/>\n\t<meta property=\"og:image:height\" content=\"675\" \/>\n\t<meta property=\"og:image:type\" content=\"image\/jpeg\" \/>\n<meta name=\"author\" content=\"Franzi\" \/>\n<meta name=\"twitter:card\" content=\"summary_large_image\" \/>\n<meta name=\"twitter:label1\" content=\"Verfasst von\" \/>\n\t<meta name=\"twitter:data1\" content=\"Franzi\" \/>\n\t<meta name=\"twitter:label2\" content=\"Gesch\u00e4tzte Lesezeit\" \/>\n\t<meta name=\"twitter:data2\" content=\"5\u00a0Minuten\" \/>\n<script type=\"application\/ld+json\" class=\"yoast-schema-graph\">{\"@context\":\"https:\\\/\\\/schema.org\",\"@graph\":[{\"@type\":\"Article\",\"@id\":\"https:\\\/\\\/www.fernabenteuerweh.de\\\/home\\\/2025\\\/02\\\/12\\\/hoechster-gipfel-mecklenburg-vorpommerns-helpter-berg-179-m\\\/#article\",\"isPartOf\":{\"@id\":\"https:\\\/\\\/www.fernabenteuerweh.de\\\/home\\\/2025\\\/02\\\/12\\\/hoechster-gipfel-mecklenburg-vorpommerns-helpter-berg-179-m\\\/\"},\"author\":{\"name\":\"Franzi\",\"@id\":\"https:\\\/\\\/www.fernabenteuerweh.de\\\/home\\\/#\\\/schema\\\/person\\\/788ec352952335d48e923f246d8489f6\"},\"headline\":\"H\u00f6chster Gipfel Mecklenburg-Vorpommerns: Helpter Berg (179 m)\",\"datePublished\":\"2025-02-12T17:00:00+00:00\",\"dateModified\":\"2025-05-18T16:13:18+00:00\",\"mainEntityOfPage\":{\"@id\":\"https:\\\/\\\/www.fernabenteuerweh.de\\\/home\\\/2025\\\/02\\\/12\\\/hoechster-gipfel-mecklenburg-vorpommerns-helpter-berg-179-m\\\/\"},\"wordCount\":513,\"commentCount\":0,\"image\":{\"@id\":\"https:\\\/\\\/www.fernabenteuerweh.de\\\/home\\\/2025\\\/02\\\/12\\\/hoechster-gipfel-mecklenburg-vorpommerns-helpter-berg-179-m\\\/#primaryimage\"},\"thumbnailUrl\":\"https:\\\/\\\/i0.wp.com\\\/www.fernabenteuerweh.de\\\/wp-content\\\/uploads\\\/2025\\\/01\\\/20241110_095401.jpg?fit=1200%2C675&ssl=1\",\"articleSection\":[\"16 Summits\",\"Deutschland\",\"Tagestouren\"],\"inLanguage\":\"de\",\"potentialAction\":[{\"@type\":\"CommentAction\",\"name\":\"Comment\",\"target\":[\"https:\\\/\\\/www.fernabenteuerweh.de\\\/home\\\/2025\\\/02\\\/12\\\/hoechster-gipfel-mecklenburg-vorpommerns-helpter-berg-179-m\\\/#respond\"]}]},{\"@type\":\"WebPage\",\"@id\":\"https:\\\/\\\/www.fernabenteuerweh.de\\\/home\\\/2025\\\/02\\\/12\\\/hoechster-gipfel-mecklenburg-vorpommerns-helpter-berg-179-m\\\/\",\"url\":\"https:\\\/\\\/www.fernabenteuerweh.de\\\/home\\\/2025\\\/02\\\/12\\\/hoechster-gipfel-mecklenburg-vorpommerns-helpter-berg-179-m\\\/\",\"name\":\"H\u00f6chster Gipfel Mecklenburg-Vorpommerns: Helpter Berg (179 m) - Fernabenteuerweh\",\"isPartOf\":{\"@id\":\"https:\\\/\\\/www.fernabenteuerweh.de\\\/home\\\/#website\"},\"primaryImageOfPage\":{\"@id\":\"https:\\\/\\\/www.fernabenteuerweh.de\\\/home\\\/2025\\\/02\\\/12\\\/hoechster-gipfel-mecklenburg-vorpommerns-helpter-berg-179-m\\\/#primaryimage\"},\"image\":{\"@id\":\"https:\\\/\\\/www.fernabenteuerweh.de\\\/home\\\/2025\\\/02\\\/12\\\/hoechster-gipfel-mecklenburg-vorpommerns-helpter-berg-179-m\\\/#primaryimage\"},\"thumbnailUrl\":\"https:\\\/\\\/i0.wp.com\\\/www.fernabenteuerweh.de\\\/wp-content\\\/uploads\\\/2025\\\/01\\\/20241110_095401.jpg?fit=1200%2C675&ssl=1\",\"datePublished\":\"2025-02-12T17:00:00+00:00\",\"dateModified\":\"2025-05-18T16:13:18+00:00\",\"author\":{\"@id\":\"https:\\\/\\\/www.fernabenteuerweh.de\\\/home\\\/#\\\/schema\\\/person\\\/788ec352952335d48e923f246d8489f6\"},\"description\":\"Eine herbstliche Wanderung auf den Helpter Berg: bunte W\u00e4lder, neblige Felder und unser finaler Gipfel der 16 Summits.\",\"breadcrumb\":{\"@id\":\"https:\\\/\\\/www.fernabenteuerweh.de\\\/home\\\/2025\\\/02\\\/12\\\/hoechster-gipfel-mecklenburg-vorpommerns-helpter-berg-179-m\\\/#breadcrumb\"},\"inLanguage\":\"de\",\"potentialAction\":[{\"@type\":\"ReadAction\",\"target\":[\"https:\\\/\\\/www.fernabenteuerweh.de\\\/home\\\/2025\\\/02\\\/12\\\/hoechster-gipfel-mecklenburg-vorpommerns-helpter-berg-179-m\\\/\"]}]},{\"@type\":\"ImageObject\",\"inLanguage\":\"de\",\"@id\":\"https:\\\/\\\/www.fernabenteuerweh.de\\\/home\\\/2025\\\/02\\\/12\\\/hoechster-gipfel-mecklenburg-vorpommerns-helpter-berg-179-m\\\/#primaryimage\",\"url\":\"https:\\\/\\\/i0.wp.com\\\/www.fernabenteuerweh.de\\\/wp-content\\\/uploads\\\/2025\\\/01\\\/20241110_095401.jpg?fit=1200%2C675&ssl=1\",\"contentUrl\":\"https:\\\/\\\/i0.wp.com\\\/www.fernabenteuerweh.de\\\/wp-content\\\/uploads\\\/2025\\\/01\\\/20241110_095401.jpg?fit=1200%2C675&ssl=1\",\"width\":1200,\"height\":675,\"caption\":\"Eine Novemberwanderung wie gemalt\"},{\"@type\":\"BreadcrumbList\",\"@id\":\"https:\\\/\\\/www.fernabenteuerweh.de\\\/home\\\/2025\\\/02\\\/12\\\/hoechster-gipfel-mecklenburg-vorpommerns-helpter-berg-179-m\\\/#breadcrumb\",\"itemListElement\":[{\"@type\":\"ListItem\",\"position\":1,\"name\":\"Startseite\",\"item\":\"https:\\\/\\\/www.fernabenteuerweh.de\\\/home\\\/\"},{\"@type\":\"ListItem\",\"position\":2,\"name\":\"H\u00f6chster Gipfel Mecklenburg-Vorpommerns: Helpter Berg (179 m)\"}]},{\"@type\":\"WebSite\",\"@id\":\"https:\\\/\\\/www.fernabenteuerweh.de\\\/home\\\/#website\",\"url\":\"https:\\\/\\\/www.fernabenteuerweh.de\\\/home\\\/\",\"name\":\"Fernabenteuerweh\",\"description\":\"Wandern, Outdoor, Abenteuer - egal wo!\",\"potentialAction\":[{\"@type\":\"SearchAction\",\"target\":{\"@type\":\"EntryPoint\",\"urlTemplate\":\"https:\\\/\\\/www.fernabenteuerweh.de\\\/home\\\/?s={search_term_string}\"},\"query-input\":{\"@type\":\"PropertyValueSpecification\",\"valueRequired\":true,\"valueName\":\"search_term_string\"}}],\"inLanguage\":\"de\"},{\"@type\":\"Person\",\"@id\":\"https:\\\/\\\/www.fernabenteuerweh.de\\\/home\\\/#\\\/schema\\\/person\\\/788ec352952335d48e923f246d8489f6\",\"name\":\"Franzi\",\"image\":{\"@type\":\"ImageObject\",\"inLanguage\":\"de\",\"@id\":\"https:\\\/\\\/i0.wp.com\\\/www.fernabenteuerweh.de\\\/wp-content\\\/uploads\\\/2023\\\/02\\\/IMG_20220823_141815_676.jpg?fit=96%2C77&#038;ssl=1\",\"url\":\"https:\\\/\\\/i0.wp.com\\\/www.fernabenteuerweh.de\\\/wp-content\\\/uploads\\\/2023\\\/02\\\/IMG_20220823_141815_676.jpg?fit=96%2C77&#038;ssl=1\",\"contentUrl\":\"https:\\\/\\\/i0.wp.com\\\/www.fernabenteuerweh.de\\\/wp-content\\\/uploads\\\/2023\\\/02\\\/IMG_20220823_141815_676.jpg?fit=96%2C77&#038;ssl=1\",\"caption\":\"Franzi\"},\"url\":\"https:\\\/\\\/www.fernabenteuerweh.de\\\/home\\\/author\\\/franziska-buettner\\\/\"}]}<\/script>\n<!-- \/ Yoast SEO plugin. -->","yoast_head_json":{"title":"H\u00f6chster Gipfel Mecklenburg-Vorpommerns: Helpter Berg (179 m) - Fernabenteuerweh","description":"Eine herbstliche Wanderung auf den Helpter Berg: bunte W\u00e4lder, neblige Felder und unser finaler Gipfel der 16 Summits.","robots":{"index":"index","follow":"follow","max-snippet":"max-snippet:-1","max-image-preview":"max-image-preview:large","max-video-preview":"max-video-preview:-1"},"canonical":"https:\/\/www.fernabenteuerweh.de\/home\/2025\/02\/12\/hoechster-gipfel-mecklenburg-vorpommerns-helpter-berg-179-m\/","og_locale":"de_DE","og_type":"article","og_title":"H\u00f6chster Gipfel Mecklenburg-Vorpommerns: Helpter Berg (179 m) - Fernabenteuerweh","og_description":"Eine herbstliche Wanderung auf den Helpter Berg: bunte W\u00e4lder, neblige Felder und unser finaler Gipfel der 16 Summits.","og_url":"https:\/\/www.fernabenteuerweh.de\/home\/2025\/02\/12\/hoechster-gipfel-mecklenburg-vorpommerns-helpter-berg-179-m\/","og_site_name":"Fernabenteuerweh","article_published_time":"2025-02-12T17:00:00+00:00","article_modified_time":"2025-05-18T16:13:18+00:00","og_image":[{"width":1200,"height":675,"url":"https:\/\/www.fernabenteuerweh.de\/wp-content\/uploads\/2025\/01\/20241110_095401.jpg","type":"image\/jpeg"}],"author":"Franzi","twitter_card":"summary_large_image","twitter_misc":{"Verfasst von":"Franzi","Gesch\u00e4tzte Lesezeit":"5\u00a0Minuten"},"schema":{"@context":"https:\/\/schema.org","@graph":[{"@type":"Article","@id":"https:\/\/www.fernabenteuerweh.de\/home\/2025\/02\/12\/hoechster-gipfel-mecklenburg-vorpommerns-helpter-berg-179-m\/#article","isPartOf":{"@id":"https:\/\/www.fernabenteuerweh.de\/home\/2025\/02\/12\/hoechster-gipfel-mecklenburg-vorpommerns-helpter-berg-179-m\/"},"author":{"name":"Franzi","@id":"https:\/\/www.fernabenteuerweh.de\/home\/#\/schema\/person\/788ec352952335d48e923f246d8489f6"},"headline":"H\u00f6chster Gipfel Mecklenburg-Vorpommerns: Helpter Berg (179 m)","datePublished":"2025-02-12T17:00:00+00:00","dateModified":"2025-05-18T16:13:18+00:00","mainEntityOfPage":{"@id":"https:\/\/www.fernabenteuerweh.de\/home\/2025\/02\/12\/hoechster-gipfel-mecklenburg-vorpommerns-helpter-berg-179-m\/"},"wordCount":513,"commentCount":0,"image":{"@id":"https:\/\/www.fernabenteuerweh.de\/home\/2025\/02\/12\/hoechster-gipfel-mecklenburg-vorpommerns-helpter-berg-179-m\/#primaryimage"},"thumbnailUrl":"https:\/\/i0.wp.com\/www.fernabenteuerweh.de\/wp-content\/uploads\/2025\/01\/20241110_095401.jpg?fit=1200%2C675&ssl=1","articleSection":["16 Summits","Deutschland","Tagestouren"],"inLanguage":"de","potentialAction":[{"@type":"CommentAction","name":"Comment","target":["https:\/\/www.fernabenteuerweh.de\/home\/2025\/02\/12\/hoechster-gipfel-mecklenburg-vorpommerns-helpter-berg-179-m\/#respond"]}]},{"@type":"WebPage","@id":"https:\/\/www.fernabenteuerweh.de\/home\/2025\/02\/12\/hoechster-gipfel-mecklenburg-vorpommerns-helpter-berg-179-m\/","url":"https:\/\/www.fernabenteuerweh.de\/home\/2025\/02\/12\/hoechster-gipfel-mecklenburg-vorpommerns-helpter-berg-179-m\/","name":"H\u00f6chster Gipfel Mecklenburg-Vorpommerns: Helpter Berg (179 m) - Fernabenteuerweh","isPartOf":{"@id":"https:\/\/www.fernabenteuerweh.de\/home\/#website"},"primaryImageOfPage":{"@id":"https:\/\/www.fernabenteuerweh.de\/home\/2025\/02\/12\/hoechster-gipfel-mecklenburg-vorpommerns-helpter-berg-179-m\/#primaryimage"},"image":{"@id":"https:\/\/www.fernabenteuerweh.de\/home\/2025\/02\/12\/hoechster-gipfel-mecklenburg-vorpommerns-helpter-berg-179-m\/#primaryimage"},"thumbnailUrl":"https:\/\/i0.wp.com\/www.fernabenteuerweh.de\/wp-content\/uploads\/2025\/01\/20241110_095401.jpg?fit=1200%2C675&ssl=1","datePublished":"2025-02-12T17:00:00+00:00","dateModified":"2025-05-18T16:13:18+00:00","author":{"@id":"https:\/\/www.fernabenteuerweh.de\/home\/#\/schema\/person\/788ec352952335d48e923f246d8489f6"},"description":"Eine herbstliche Wanderung auf den Helpter Berg: bunte W\u00e4lder, neblige Felder und unser finaler Gipfel der 16 Summits.","breadcrumb":{"@id":"https:\/\/www.fernabenteuerweh.de\/home\/2025\/02\/12\/hoechster-gipfel-mecklenburg-vorpommerns-helpter-berg-179-m\/#breadcrumb"},"inLanguage":"de","potentialAction":[{"@type":"ReadAction","target":["https:\/\/www.fernabenteuerweh.de\/home\/2025\/02\/12\/hoechster-gipfel-mecklenburg-vorpommerns-helpter-berg-179-m\/"]}]},{"@type":"ImageObject","inLanguage":"de","@id":"https:\/\/www.fernabenteuerweh.de\/home\/2025\/02\/12\/hoechster-gipfel-mecklenburg-vorpommerns-helpter-berg-179-m\/#primaryimage","url":"https:\/\/i0.wp.com\/www.fernabenteuerweh.de\/wp-content\/uploads\/2025\/01\/20241110_095401.jpg?fit=1200%2C675&ssl=1","contentUrl":"https:\/\/i0.wp.com\/www.fernabenteuerweh.de\/wp-content\/uploads\/2025\/01\/20241110_095401.jpg?fit=1200%2C675&ssl=1","width":1200,"height":675,"caption":"Eine Novemberwanderung wie gemalt"},{"@type":"BreadcrumbList","@id":"https:\/\/www.fernabenteuerweh.de\/home\/2025\/02\/12\/hoechster-gipfel-mecklenburg-vorpommerns-helpter-berg-179-m\/#breadcrumb","itemListElement":[{"@type":"ListItem","position":1,"name":"Startseite","item":"https:\/\/www.fernabenteuerweh.de\/home\/"},{"@type":"ListItem","position":2,"name":"H\u00f6chster Gipfel Mecklenburg-Vorpommerns: Helpter Berg (179 m)"}]},{"@type":"WebSite","@id":"https:\/\/www.fernabenteuerweh.de\/home\/#website","url":"https:\/\/www.fernabenteuerweh.de\/home\/","name":"Fernabenteuerweh","description":"Wandern, Outdoor, Abenteuer - egal wo!","potentialAction":[{"@type":"SearchAction","target":{"@type":"EntryPoint","urlTemplate":"https:\/\/www.fernabenteuerweh.de\/home\/?s={search_term_string}"},"query-input":{"@type":"PropertyValueSpecification","valueRequired":true,"valueName":"search_term_string"}}],"inLanguage":"de"},{"@type":"Person","@id":"https:\/\/www.fernabenteuerweh.de\/home\/#\/schema\/person\/788ec352952335d48e923f246d8489f6","name":"Franzi","image":{"@type":"ImageObject","inLanguage":"de","@id":"https:\/\/i0.wp.com\/www.fernabenteuerweh.de\/wp-content\/uploads\/2023\/02\/IMG_20220823_141815_676.jpg?fit=96%2C77&#038;ssl=1","url":"https:\/\/i0.wp.com\/www.fernabenteuerweh.de\/wp-content\/uploads\/2023\/02\/IMG_20220823_141815_676.jpg?fit=96%2C77&#038;ssl=1","contentUrl":"https:\/\/i0.wp.com\/www.fernabenteuerweh.de\/wp-content\/uploads\/2023\/02\/IMG_20220823_141815_676.jpg?fit=96%2C77&#038;ssl=1","caption":"Franzi"},"url":"https:\/\/www.fernabenteuerweh.de\/home\/author\/franziska-buettner\/"}]}},"jetpack_publicize_connections":[],"jetpack_featured_media_url":"https:\/\/i0.wp.com\/www.fernabenteuerweh.de\/wp-content\/uploads\/2025\/01\/20241110_095401.jpg?fit=1200%2C675&ssl=1","jetpack_sharing_enabled":true,"jetpack_shortlink":"https:\/\/wp.me\/p9vZkH-1lK","jetpack_likes_enabled":true,"jetpack-related-posts":[{"id":2529,"url":"https:\/\/www.fernabenteuerweh.de\/home\/2022\/02\/14\/die-idee-der-16-summits\/","url_meta":{"origin":5192,"position":0},"title":"Die Idee der 16 Summits","author":"S\u00f6ren","date":"14. Februar 2022","format":false,"excerpt":"Das Projekt der 16 Summits oder 16 Gipfel erfordert es, den h\u00f6chsten Gipfel jedes deutschen Bundeslandes zu besteigen. Wir haben dieses Projekt im Mai 2022 begonnen - hier lest Ihr mehr zum Projekt und unserem Fortschritt..","rel":"","context":"In &quot;16 Summits&quot;","block_context":{"text":"16 Summits","link":"https:\/\/www.fernabenteuerweh.de\/home\/category\/16-summits\/"},"img":{"alt_text":"","src":"https:\/\/i0.wp.com\/www.fernabenteuerweh.de\/wp-content\/uploads\/2022\/02\/zugspitze_2022_soeren_navigiert_Beitragsbild.jpg?fit=1200%2C675&ssl=1&resize=350%2C200","width":350,"height":200,"srcset":"https:\/\/i0.wp.com\/www.fernabenteuerweh.de\/wp-content\/uploads\/2022\/02\/zugspitze_2022_soeren_navigiert_Beitragsbild.jpg?fit=1200%2C675&ssl=1&resize=350%2C200 1x, https:\/\/i0.wp.com\/www.fernabenteuerweh.de\/wp-content\/uploads\/2022\/02\/zugspitze_2022_soeren_navigiert_Beitragsbild.jpg?fit=1200%2C675&ssl=1&resize=525%2C300 1.5x, https:\/\/i0.wp.com\/www.fernabenteuerweh.de\/wp-content\/uploads\/2022\/02\/zugspitze_2022_soeren_navigiert_Beitragsbild.jpg?fit=1200%2C675&ssl=1&resize=700%2C400 2x, https:\/\/i0.wp.com\/www.fernabenteuerweh.de\/wp-content\/uploads\/2022\/02\/zugspitze_2022_soeren_navigiert_Beitragsbild.jpg?fit=1200%2C675&ssl=1&resize=1050%2C600 3x"},"classes":[]},{"id":5104,"url":"https:\/\/www.fernabenteuerweh.de\/home\/2025\/01\/22\/hoechster-gipfel-berlins-grosser-mueggelberg-115-m\/","url_meta":{"origin":5192,"position":1},"title":"H\u00f6chster Gipfel Berlins: Gro\u00dfer M\u00fcggelberg (115 m)","author":"Franzi","date":"22. Januar 2025","format":false,"excerpt":"Unsere Wanderung auf den M\u00fcggelberg vereint Gipfelbesteigung, Seeblick und beste Ausflugsziele miteinander. Als kleines Extra gab es f\u00fcr uns au\u00dferdem noch eine Prise Herbstsonne.","rel":"","context":"In &quot;16 Summits&quot;","block_context":{"text":"16 Summits","link":"https:\/\/www.fernabenteuerweh.de\/home\/category\/16-summits\/"},"img":{"alt_text":"M\u00fcggelberg","src":"https:\/\/i0.wp.com\/www.fernabenteuerweh.de\/wp-content\/uploads\/2025\/01\/20241109_144858.jpg?fit=1200%2C675&ssl=1&resize=350%2C200","width":350,"height":200,"srcset":"https:\/\/i0.wp.com\/www.fernabenteuerweh.de\/wp-content\/uploads\/2025\/01\/20241109_144858.jpg?fit=1200%2C675&ssl=1&resize=350%2C200 1x, https:\/\/i0.wp.com\/www.fernabenteuerweh.de\/wp-content\/uploads\/2025\/01\/20241109_144858.jpg?fit=1200%2C675&ssl=1&resize=525%2C300 1.5x, https:\/\/i0.wp.com\/www.fernabenteuerweh.de\/wp-content\/uploads\/2025\/01\/20241109_144858.jpg?fit=1200%2C675&ssl=1&resize=700%2C400 2x, https:\/\/i0.wp.com\/www.fernabenteuerweh.de\/wp-content\/uploads\/2025\/01\/20241109_144858.jpg?fit=1200%2C675&ssl=1&resize=1050%2C600 3x"},"classes":[]},{"id":3945,"url":"https:\/\/www.fernabenteuerweh.de\/home\/2023\/05\/16\/hoechster-gipfel-thueringens-grosser-beerberg-983-m\/","url_meta":{"origin":5192,"position":2},"title":"H\u00f6chster Gipfel Th\u00fcringens: Gro\u00dfer Beerberg (983 m)","author":"Franzi","date":"16. Mai 2023","format":false,"excerpt":"Ein Bergfest im doppelten Sinn, denn neben der Besteigung des h\u00f6chsten Gipfels in Th\u00fcringens haben wir inzwischen 8 von 16 Gipfel abgewandert!","rel":"","context":"In &quot;16 Summits&quot;","block_context":{"text":"16 Summits","link":"https:\/\/www.fernabenteuerweh.de\/home\/category\/16-summits\/"},"img":{"alt_text":"Aussichtsturm auf dem Schneekopf","src":"https:\/\/i0.wp.com\/www.fernabenteuerweh.de\/wp-content\/uploads\/2023\/06\/20230430_142915.jpg?fit=1200%2C675&ssl=1&resize=350%2C200","width":350,"height":200,"srcset":"https:\/\/i0.wp.com\/www.fernabenteuerweh.de\/wp-content\/uploads\/2023\/06\/20230430_142915.jpg?fit=1200%2C675&ssl=1&resize=350%2C200 1x, https:\/\/i0.wp.com\/www.fernabenteuerweh.de\/wp-content\/uploads\/2023\/06\/20230430_142915.jpg?fit=1200%2C675&ssl=1&resize=525%2C300 1.5x, https:\/\/i0.wp.com\/www.fernabenteuerweh.de\/wp-content\/uploads\/2023\/06\/20230430_142915.jpg?fit=1200%2C675&ssl=1&resize=700%2C400 2x, https:\/\/i0.wp.com\/www.fernabenteuerweh.de\/wp-content\/uploads\/2023\/06\/20230430_142915.jpg?fit=1200%2C675&ssl=1&resize=1050%2C600 3x"},"classes":[]},{"id":4259,"url":"https:\/\/www.fernabenteuerweh.de\/home\/2024\/02\/14\/hoechster-gipfel-bremens-erhebung-im-friedehorstpark-32-m\/","url_meta":{"origin":5192,"position":3},"title":"H\u00f6chster Gipfel Bremens: Erhebung im Friedehorstpark (32 m)","author":"Franzi","date":"14. Februar 2024","format":false,"excerpt":"Die Bezeichnung \"Gipfel\" ist wohl etwas \u00fcbertrieben, dennoch l\u00e4sst es sich rund um die Erhebung im Friedehorstpark sch\u00f6n spazieren.","rel":"","context":"In &quot;16 Summits&quot;","block_context":{"text":"16 Summits","link":"https:\/\/www.fernabenteuerweh.de\/home\/category\/16-summits\/"},"img":{"alt_text":"","src":"https:\/\/i0.wp.com\/www.fernabenteuerweh.de\/wp-content\/uploads\/2024\/01\/20230815_095620.jpg?fit=1200%2C675&ssl=1&resize=350%2C200","width":350,"height":200,"srcset":"https:\/\/i0.wp.com\/www.fernabenteuerweh.de\/wp-content\/uploads\/2024\/01\/20230815_095620.jpg?fit=1200%2C675&ssl=1&resize=350%2C200 1x, https:\/\/i0.wp.com\/www.fernabenteuerweh.de\/wp-content\/uploads\/2024\/01\/20230815_095620.jpg?fit=1200%2C675&ssl=1&resize=525%2C300 1.5x, https:\/\/i0.wp.com\/www.fernabenteuerweh.de\/wp-content\/uploads\/2024\/01\/20230815_095620.jpg?fit=1200%2C675&ssl=1&resize=700%2C400 2x, https:\/\/i0.wp.com\/www.fernabenteuerweh.de\/wp-content\/uploads\/2024\/01\/20230815_095620.jpg?fit=1200%2C675&ssl=1&resize=1050%2C600 3x"},"classes":[]},{"id":4370,"url":"https:\/\/www.fernabenteuerweh.de\/home\/2024\/03\/06\/hoechster-gipfel-hessens-wasserkuppe-950-m\/","url_meta":{"origin":5192,"position":4},"title":"H\u00f6chster Gipfel Hessens: Wasserkuppe (950 m)","author":"Franzi","date":"6. M\u00e4rz 2024","format":false,"excerpt":"Unser Gipfel Nr. 11 der 16 Summits, die Wasserkuppe, der h\u00f6chste Berg Hessens. Ein Bericht \u00fcber die T\u00fccken des Bergwetters.","rel":"","context":"In &quot;16 Summits&quot;","block_context":{"text":"16 Summits","link":"https:\/\/www.fernabenteuerweh.de\/home\/category\/16-summits\/"},"img":{"alt_text":"Fliegerdenkmal auf der Wasserkuppe","src":"https:\/\/i0.wp.com\/www.fernabenteuerweh.de\/wp-content\/uploads\/2024\/02\/20240102_151653.jpg?fit=1200%2C675&ssl=1&resize=350%2C200","width":350,"height":200,"srcset":"https:\/\/i0.wp.com\/www.fernabenteuerweh.de\/wp-content\/uploads\/2024\/02\/20240102_151653.jpg?fit=1200%2C675&ssl=1&resize=350%2C200 1x, https:\/\/i0.wp.com\/www.fernabenteuerweh.de\/wp-content\/uploads\/2024\/02\/20240102_151653.jpg?fit=1200%2C675&ssl=1&resize=525%2C300 1.5x, https:\/\/i0.wp.com\/www.fernabenteuerweh.de\/wp-content\/uploads\/2024\/02\/20240102_151653.jpg?fit=1200%2C675&ssl=1&resize=700%2C400 2x, https:\/\/i0.wp.com\/www.fernabenteuerweh.de\/wp-content\/uploads\/2024\/02\/20240102_151653.jpg?fit=1200%2C675&ssl=1&resize=1050%2C600 3x"},"classes":[]},{"id":4866,"url":"https:\/\/www.fernabenteuerweh.de\/home\/2024\/05\/15\/hoechster-gipfel-rheinland-pfalz-erbeskopf-816-m\/","url_meta":{"origin":5192,"position":5},"title":"H\u00f6chster Gipfel Rheinland-Pfalz: Erbeskopf (816 m)","author":"Franzi","date":"15. Mai 2024","format":false,"excerpt":"Der Erbeskopf war unser Auftakt zum Endspurt in Sachen 16 Summits. Wie unsere Tour war und was es am Erbeskopf zu sehen und zu tun gibt, lest ihr hier.","rel":"","context":"In &quot;16 Summits&quot;","block_context":{"text":"16 Summits","link":"https:\/\/www.fernabenteuerweh.de\/home\/category\/16-summits\/"},"img":{"alt_text":"","src":"https:\/\/i0.wp.com\/www.fernabenteuerweh.de\/wp-content\/uploads\/2024\/05\/20240509_154100.jpg?fit=1200%2C675&ssl=1&resize=350%2C200","width":350,"height":200,"srcset":"https:\/\/i0.wp.com\/www.fernabenteuerweh.de\/wp-content\/uploads\/2024\/05\/20240509_154100.jpg?fit=1200%2C675&ssl=1&resize=350%2C200 1x, https:\/\/i0.wp.com\/www.fernabenteuerweh.de\/wp-content\/uploads\/2024\/05\/20240509_154100.jpg?fit=1200%2C675&ssl=1&resize=525%2C300 1.5x, https:\/\/i0.wp.com\/www.fernabenteuerweh.de\/wp-content\/uploads\/2024\/05\/20240509_154100.jpg?fit=1200%2C675&ssl=1&resize=700%2C400 2x, https:\/\/i0.wp.com\/www.fernabenteuerweh.de\/wp-content\/uploads\/2024\/05\/20240509_154100.jpg?fit=1200%2C675&ssl=1&resize=1050%2C600 3x"},"classes":[]}],"_links":{"self":[{"href":"https:\/\/www.fernabenteuerweh.de\/home\/wp-json\/wp\/v2\/posts\/5192","targetHints":{"allow":["GET"]}}],"collection":[{"href":"https:\/\/www.fernabenteuerweh.de\/home\/wp-json\/wp\/v2\/posts"}],"about":[{"href":"https:\/\/www.fernabenteuerweh.de\/home\/wp-json\/wp\/v2\/types\/post"}],"author":[{"embeddable":true,"href":"https:\/\/www.fernabenteuerweh.de\/home\/wp-json\/wp\/v2\/users\/2"}],"replies":[{"embeddable":true,"href":"https:\/\/www.fernabenteuerweh.de\/home\/wp-json\/wp\/v2\/comments?post=5192"}],"version-history":[{"count":4,"href":"https:\/\/www.fernabenteuerweh.de\/home\/wp-json\/wp\/v2\/posts\/5192\/revisions"}],"predecessor-version":[{"id":5839,"href":"https:\/\/www.fernabenteuerweh.de\/home\/wp-json\/wp\/v2\/posts\/5192\/revisions\/5839"}],"wp:featuredmedia":[{"embeddable":true,"href":"https:\/\/www.fernabenteuerweh.de\/home\/wp-json\/wp\/v2\/media\/5202"}],"wp:attachment":[{"href":"https:\/\/www.fernabenteuerweh.de\/home\/wp-json\/wp\/v2\/media?parent=5192"}],"wp:term":[{"taxonomy":"category","embeddable":true,"href":"https:\/\/www.fernabenteuerweh.de\/home\/wp-json\/wp\/v2\/categories?post=5192"},{"taxonomy":"post_tag","embeddable":true,"href":"https:\/\/www.fernabenteuerweh.de\/home\/wp-json\/wp\/v2\/tags?post=5192"}],"curies":[{"name":"wp","href":"https:\/\/api.w.org\/{rel}","templated":true}]}}